{"id":30214,"date":"2013-01-02T14:09:23","date_gmt":"2013-01-02T12:09:23","guid":{"rendered":"http:\/\/www.pasteris.it\/blog\/?p=30214"},"modified":"2013-01-02T14:13:10","modified_gmt":"2013-01-02T12:13:10","slug":"porci-al-lavoro-in-redazione","status":"publish","type":"post","link":"https:\/\/www.pasteris.it\/blog\/2013\/01\/02\/porci-al-lavoro-in-redazione\/","title":{"rendered":"Porci al lavoro in redazione"},"content":{"rendered":"<p>Tutto da leggere <a href=\"http:\/\/ilporcoallavoro.com\" target=\"_blank\">Il Porco al Lavoro<\/a> un blog sull&#8217;esperienza di Olga, giornalista professionista freelance che racconta la storia di una violenza sul lavoro fatto di ricatti sessuali e mobbing.<\/p>\n<blockquote><p>Quindi tutti sono amici di tutti. Eccolo il bel mondo del giornalismo italico. D\u2019altra parte questa non \u00e8 una novit\u00e0. Gi\u00e0 durante il master certe dinamiche erano evidenti. Il figlio di, il parente di, la protetta da. C\u2019era quella che \u00e8 arrivata prima all\u2019esame di ammissione, con sconto sulla retta, e che non sapeva che cosa fossero la P2 e Gladio. Ma si tratta di dettagli che non sono certo utili nella nostra professione. C\u2019era quello che \u00e8 stato l\u2019unico a cui \u00e8 stato concesso di fare lo stage nella redazione centrale di uno dei principali quotidiani italiani (da cui poi non se n\u2019\u00e8 pi\u00f9 andato) perch\u00e8 era figlio di un caporedattore che aveva legami con un certo partito. C\u2019era quella che mandava sms a una famosa \u201cpenna\u201d venuta per tre giorni per illuminarci sugli strumenti indispensabili per la professione. Nei messaggi faceva avances esplicite. Non ho mai saputo se siano state raccolte.<\/p><\/blockquote>\n","protected":false},"excerpt":{"rendered":"<p>Tutto da leggere Il Porco al Lavoro un blog sull&#8217;esperienza di Olga, giornalista professionista freelance che racconta la storia di una violenza sul lavoro fatto di ricatti sessuali e mobbing. Quindi tutti sono amici di tutti. Eccolo il bel mondo del giornalismo italico. D\u2019altra parte questa non \u00e8 una novit\u00e0. Gi\u00e0 durante il master certe &#8230; <a title=\"Porci al lavoro in redazione\" class=\"read-more\" href=\"https:\/\/www.pasteris.it\/blog\/2013\/01\/02\/porci-al-lavoro-in-redazione\/\" aria-label=\"Per saperne di pi\u00f9 su Porci al lavoro in redazione\">Leggi tutto<\/a><\/p>\n","protected":false},"author":3,"featured_media":0,"comment_status":"open","ping_status":"open","sticky":false,"template":"","format":"standard","meta":{"footnotes":""},"categories":[1,30],"tags":[488,161,965],"class_list":["post-30214","post","type-post","status-publish","format-standard","hentry","category-politica","category-media","tag-donne","tag-giornalisti","tag-mobbing"],"_links":{"self":[{"href":"https:\/\/www.pasteris.it\/blog\/wp-json\/wp\/v2\/posts\/30214","targetHints":{"allow":["GET"]}}],"collection":[{"href":"https:\/\/www.pasteris.it\/blog\/wp-json\/wp\/v2\/posts"}],"about":[{"href":"https:\/\/www.pasteris.it\/blog\/wp-json\/wp\/v2\/types\/post"}],"author":[{"embeddable":true,"href":"https:\/\/www.pasteris.it\/blog\/wp-json\/wp\/v2\/users\/3"}],"replies":[{"embeddable":true,"href":"https:\/\/www.pasteris.it\/blog\/wp-json\/wp\/v2\/comments?post=30214"}],"version-history":[{"count":3,"href":"https:\/\/www.pasteris.it\/blog\/wp-json\/wp\/v2\/posts\/30214\/revisions"}],"predecessor-version":[{"id":30216,"href":"https:\/\/www.pasteris.it\/blog\/wp-json\/wp\/v2\/posts\/30214\/revisions\/30216"}],"wp:attachment":[{"href":"https:\/\/www.pasteris.it\/blog\/wp-json\/wp\/v2\/media?parent=30214"}],"wp:term":[{"taxonomy":"category","embeddable":true,"href":"https:\/\/www.pasteris.it\/blog\/wp-json\/wp\/v2\/categories?post=30214"},{"taxonomy":"post_tag","embeddable":true,"href":"https:\/\/www.pasteris.it\/blog\/wp-json\/wp\/v2\/tags?post=30214"}],"curies":[{"name":"wp","href":"https:\/\/api.w.org\/{rel}","templated":true}]}}