{"id":30259,"date":"2013-01-25T11:35:57","date_gmt":"2013-01-25T09:35:57","guid":{"rendered":"http:\/\/www.pasteris.it\/blog\/?p=30259"},"modified":"2013-01-25T11:35:57","modified_gmt":"2013-01-25T09:35:57","slug":"beppe-grillo-le-conta-chiare-in-faccia-a-profumo-e-al-monte-dei-paschi","status":"publish","type":"post","link":"https:\/\/www.pasteris.it\/blog\/2013\/01\/25\/beppe-grillo-le-conta-chiare-in-faccia-a-profumo-e-al-monte-dei-paschi\/","title":{"rendered":"Beppe Grillo le conta chiare in faccia a Profumo e al Monte dei Paschi"},"content":{"rendered":"<p>&#8220;Questa \u00e8 un&#8217;azienda che dovr\u00e0 licenziare migliaia di persone, tra breve. E&#8217; un&#8217;azienda che dovr\u00e0 riscattarsi, ma non si ricatter\u00e0 con una gestione come questa Come cittadino vorrei fare chiarezza. Chi ha preso questi soldi deve essere processato dall&#8217;opinione pubblica, dai cittadini, dai lavoratori che non devono rimetterci nemmeno una lira. Con il Monte dei Paschi io ho perso 30 euro e lei capisce che a Genova 30 euro sono importanti. Profumo \u00e8 completamente inadatto a gestire questa situazione perch\u00e8 \u00e8 indagato per frode fiscale. In buco nei conti \u00e8 di 14 miliardi di euro, bisogna subito aprire un&#8217;inchiesta&#8221;<\/p>\n","protected":false},"excerpt":{"rendered":"<p>&#8220;Questa \u00e8 un&#8217;azienda che dovr\u00e0 licenziare migliaia di persone, tra breve. E&#8217; un&#8217;azienda che dovr\u00e0 riscattarsi, ma non si ricatter\u00e0 con una gestione come questa Come cittadino vorrei fare chiarezza. Chi ha preso questi soldi deve essere processato dall&#8217;opinione pubblica, dai cittadini, dai lavoratori che non devono rimetterci nemmeno una lira. Con il Monte dei &#8230; <a title=\"Beppe Grillo le conta chiare in faccia a Profumo e al Monte dei Paschi\" class=\"read-more\" href=\"https:\/\/www.pasteris.it\/blog\/2013\/01\/25\/beppe-grillo-le-conta-chiare-in-faccia-a-profumo-e-al-monte-dei-paschi\/\" aria-label=\"Per saperne di pi\u00f9 su Beppe Grillo le conta chiare in faccia a Profumo e al Monte dei Paschi\">Leggi tutto<\/a><\/p>\n","protected":false},"author":3,"featured_media":0,"comment_status":"open","ping_status":"open","sticky":false,"template":"","format":"standard","meta":{"footnotes":""},"categories":[17,32],"tags":[1913,2020],"class_list":["post-30259","post","type-post","status-publish","format-standard","hentry","category-economia","category-pensieri","tag-beppe-grillo","tag-monte-dei-paschi"],"_links":{"self":[{"href":"https:\/\/www.pasteris.it\/blog\/wp-json\/wp\/v2\/posts\/30259","targetHints":{"allow":["GET"]}}],"collection":[{"href":"https:\/\/www.pasteris.it\/blog\/wp-json\/wp\/v2\/posts"}],"about":[{"href":"https:\/\/www.pasteris.it\/blog\/wp-json\/wp\/v2\/types\/post"}],"author":[{"embeddable":true,"href":"https:\/\/www.pasteris.it\/blog\/wp-json\/wp\/v2\/users\/3"}],"replies":[{"embeddable":true,"href":"https:\/\/www.pasteris.it\/blog\/wp-json\/wp\/v2\/comments?post=30259"}],"version-history":[{"count":2,"href":"https:\/\/www.pasteris.it\/blog\/wp-json\/wp\/v2\/posts\/30259\/revisions"}],"predecessor-version":[{"id":30261,"href":"https:\/\/www.pasteris.it\/blog\/wp-json\/wp\/v2\/posts\/30259\/revisions\/30261"}],"wp:attachment":[{"href":"https:\/\/www.pasteris.it\/blog\/wp-json\/wp\/v2\/media?parent=30259"}],"wp:term":[{"taxonomy":"category","embeddable":true,"href":"https:\/\/www.pasteris.it\/blog\/wp-json\/wp\/v2\/categories?post=30259"},{"taxonomy":"post_tag","embeddable":true,"href":"https:\/\/www.pasteris.it\/blog\/wp-json\/wp\/v2\/tags?post=30259"}],"curies":[{"name":"wp","href":"https:\/\/api.w.org\/{rel}","templated":true}]}}