{"id":30265,"date":"2013-01-27T09:50:41","date_gmt":"2013-01-27T07:50:41","guid":{"rendered":"http:\/\/www.pasteris.it\/blog\/?p=30265"},"modified":"2013-01-27T09:55:38","modified_gmt":"2013-01-27T07:55:38","slug":"vogliamo-trasparenza","status":"publish","type":"post","link":"https:\/\/www.pasteris.it\/blog\/2013\/01\/27\/vogliamo-trasparenza\/","title":{"rendered":"Vogliamo trasparenza"},"content":{"rendered":"<p>In questo paese la gli enti pubbilci omettono volontariamente la trasparenza. <a href=\"http:\/\/vogliamotrasparenza.it\/\">Noi non ci stiamo<\/a>.<\/p>\n<blockquote><p>Lettera aperta al Presidente del Consiglio dei Ministri ed al Ministro per la funzione Pubblica<\/p>\n<p>La Presidenza del Consiglio dei Ministri, con un comunicato dello scorso 22 gennaio ha informato cittadini e media della circostanza che nel corso del Consiglio dei Ministri svoltosi in pari data, sarebbe stato adottato \u2013 in attuazione della delega conferita dal Parlamento al Governo con la legge n. 190 del 2012 \u2013 un Decreto legislativo attraverso il quale si sarebbe introdotto nel nostro Ordinamento il principio della totale accessibilit\u00e0 delle informazioni in possesso della pubblica amministrazione secondo l\u2019esempio del \u201cFreedom of Information Act statunitense, che garantisce l\u2019accessibilit\u00e0 di chiunque lo richieda a qualsiasi documento o dato in possesso delle PA, salvo i casi in cui la legge lo esclude espressamente (es. per motivi di sicurezza)\u201d.<\/p>\n<p>\u201cIl provvedimento\u201d inoltre &#8211; sempre stando a quanto si \u00e8 riferito nel comunicato stampa \u2013 avrebbe \u201clo scopo di consentire ai cittadini un controllo democratico sull\u2019attivit\u00e0 delle amministrazioni e sul rispetto, tra gli altri, dei principi costituzionali di eguaglianza, imparzialit\u00e0, buon andamento, responsabilit\u00e0, efficacia ed efficienza dell\u2019azione pubblica\u201d.<\/p>\n<p>Il Decreto approvato dal Consiglio dei ministri stabilirenne, dunque, la \u201cAccessibilit\u00e0 totale delle informazioni che riguardano l\u2019organizzazione e l\u2019attivit\u00e0 delle PA, allo scopo di favorire forme diffuse di controllo sul perseguimento delle funzioni istituzionali e sull\u2019utilizzo delle risorse pubbliche\u201d e la \u201cpubblicazione dei dati e delle informazioni sui siti istituzionali \u2026 per consentire un\u2019effettiva conoscenza dell\u2019azione delle PA e per sollecitare e agevolare la partecipazione dei cittadini\u201d.<\/p>\n<p>Lo stesso Decreto, infine, introdurrebbe, nell\u2019ordinamento italiano, un nuovo diritto definito \u201cdiritto di accesso civico\u201d, in forza del quale \u201ctutti i cittadini\u201d avrebbero il \u201cdiritto di chiedere e ottenere che le PA pubblichino atti, documenti e informazioni che detengono e che, per qualsiasi motivo, non hanno ancora divulgato.\u201d.<\/p>\n<p>Si tratta di una serie di misure che i firmatari della presente lettera e milioni di cittadini italiani chiedono, da anni, che vengano introdotte nel nostro ordinamento nella convinzione che rappresentino un irrinunciabile strumento di partecipazione democratica del cittadino alla vita del Paese.<\/p><\/blockquote>\n","protected":false},"excerpt":{"rendered":"<p>In questo paese la gli enti pubbilci omettono volontariamente la trasparenza. Noi non ci stiamo. Lettera aperta al Presidente del Consiglio dei Ministri ed al Ministro per la funzione Pubblica La Presidenza del Consiglio dei Ministri, con un comunicato dello scorso 22 gennaio ha informato cittadini e media della circostanza che nel corso del Consiglio &#8230; <a title=\"Vogliamo trasparenza\" class=\"read-more\" href=\"https:\/\/www.pasteris.it\/blog\/2013\/01\/27\/vogliamo-trasparenza\/\" aria-label=\"Per saperne di pi\u00f9 su Vogliamo trasparenza\">Leggi tutto<\/a><\/p>\n","protected":false},"author":3,"featured_media":0,"comment_status":"open","ping_status":"open","sticky":false,"template":"","format":"standard","meta":{"footnotes":""},"categories":[11,1,424],"tags":[1967],"class_list":["post-30265","post","type-post","status-publish","format-standard","hentry","category-diritti","category-politica","category-personale","tag-foia"],"_links":{"self":[{"href":"https:\/\/www.pasteris.it\/blog\/wp-json\/wp\/v2\/posts\/30265","targetHints":{"allow":["GET"]}}],"collection":[{"href":"https:\/\/www.pasteris.it\/blog\/wp-json\/wp\/v2\/posts"}],"about":[{"href":"https:\/\/www.pasteris.it\/blog\/wp-json\/wp\/v2\/types\/post"}],"author":[{"embeddable":true,"href":"https:\/\/www.pasteris.it\/blog\/wp-json\/wp\/v2\/users\/3"}],"replies":[{"embeddable":true,"href":"https:\/\/www.pasteris.it\/blog\/wp-json\/wp\/v2\/comments?post=30265"}],"version-history":[{"count":4,"href":"https:\/\/www.pasteris.it\/blog\/wp-json\/wp\/v2\/posts\/30265\/revisions"}],"predecessor-version":[{"id":30270,"href":"https:\/\/www.pasteris.it\/blog\/wp-json\/wp\/v2\/posts\/30265\/revisions\/30270"}],"wp:attachment":[{"href":"https:\/\/www.pasteris.it\/blog\/wp-json\/wp\/v2\/media?parent=30265"}],"wp:term":[{"taxonomy":"category","embeddable":true,"href":"https:\/\/www.pasteris.it\/blog\/wp-json\/wp\/v2\/categories?post=30265"},{"taxonomy":"post_tag","embeddable":true,"href":"https:\/\/www.pasteris.it\/blog\/wp-json\/wp\/v2\/tags?post=30265"}],"curies":[{"name":"wp","href":"https:\/\/api.w.org\/{rel}","templated":true}]}}