{"id":30474,"date":"2013-03-09T13:18:42","date_gmt":"2013-03-09T11:18:42","guid":{"rendered":"http:\/\/www.pasteris.it\/blog\/?p=30474"},"modified":"2013-03-09T13:39:01","modified_gmt":"2013-03-09T11:39:01","slug":"cari-giornalisti-ma-ndo-cazzo-stavate-pensavate-di-farla-franca-ma-qui-e-waterloo","status":"publish","type":"post","link":"https:\/\/www.pasteris.it\/blog\/2013\/03\/09\/cari-giornalisti-ma-ndo-cazzo-stavate-pensavate-di-farla-franca-ma-qui-e-waterloo\/","title":{"rendered":"Cari giornalisti: ma &#8216;ndo cazzo stavate ? Pensavate di farla franca ma qui \u00e8 Waterloo"},"content":{"rendered":"<p>Il sunto <a href=\"http:\/\/www.repubblica.it\/politica\/2013\/03\/07\/news\/a_proposito_di_giornali-maiali_2-54050734\/\">di questo eccellente intervento tutto da leggere e da capire di Arianna su Repubblica<\/a> \u00e8 a mio parere :&#8221;ma&#8217;ndo cazzo stavate ?\u00a0 Pensavate di farla franca ma qui \u00e8 Waterloo&#8221;<\/p>\n<blockquote><p>Sul blog di Grillo &#8211; che distingue tra giornalismo politico e locale &#8211; si reitera il frame &#8220;giornalisti=casta, politici=casta&#8221;. E il frame si infila dentro una crepa, una nostra debolezza: non nasce dal nulla. Gioca su un aspetto reale della contiguit\u00e0 del giornalismo al potere, in ogni caso percepito come tale. Pensiamo alla lottizzazione della Rai: possiamo davvero dire che \u00e8 solo responsabilit\u00e0 della politica?<\/p>\n<p>E quindi? E quindi, arrendiamoci. Se ancora oggi tentiamo di forzare la realt\u00e0 ai nostri desideri, se quello che non ci piace o non lo raccontiamo o lo raccontiamo male (creando mondi\/<a href=\"http:\/\/www.valigiablu.it\/arrendiamoci-siamo-inutili\/\">bolle di sopravvalutazione<\/a>), allora siamo inutili.<\/p>\n<p>Davvero si pu\u00f2 fare appello ai ragazzi 5stelle: apritevi ai giornalisti? No, credo di no. Se non si fidano, dovremmo porci e poi rispondere a una semplice domanda: &#8220;Perch\u00e9?&#8221; E invece la reazione \u00e8: scandalo, non rispondono ai giornalisti, cacciano i giornalisti! E via titoloni di apertura su tutti i siti online (esattamente come previsto da frame, purtroppo).<br \/>\n<!--more--><br \/>\nA parte che non ci sarebbe nemmeno la notizia, visto che \u00e8 dal V-Day2 del 2008 che ci mandano a fare in culo (purtroppo). Ma poi non lo hanno fatto o non lo fanno anche altri? L&#8217;ultimo episodio \u00e8 firmato Rosy Bindi con il giornalista Antonino Monteleone.<\/p>\n<p>La mia posizione di fronte a questo \u00e8: partiamo da noi, non da loro. Anzi dovremmo sforzarci di uscire da questa contrapposizione noi\/loro. Cerchiamo di capire come sia possibile che siamo arrivati cos\u00ec impreparati davanti a questo &#8216;meteorite&#8217;. Attrezziamoci, studiamo, facciamo un bagno di umilt\u00e0.<\/p>\n<p>Tra l&#8217;altro non so se \u00e8 chiaro: la presa in giro, la derisione dei parlamentari che si presentano in una loro riunione da parte di molti giornalisti alimenta la distanza e la diffidenza. Non sono opinioni personali, ricadono inevitabilmente sulla credibilit\u00e0 e sull&#8217;autorevolezza della testata e dei cronisti, che tutti insieme su Twitter sono anche il giornale per cui scrivono. In questi giorni secondo me non abbiamo dato proprio un bell&#8217;esempio. Capisco la tentazione della battuta; la capisco benissimo. Ma a volte un tweet in meno \u00e8 cosa saggia. Non ho mai visto i giornalisti cos\u00ec compatti (trasversalmente) come contro Grillo\/attivisti5stelle. Anche qui torna la semplice domanda: &#8220;Perch\u00e9?&#8221;. A questo aggiungiamo la nostra inadeguatezza, se scriviamo che &#8220;non serve cacciare i parlamentari dal blog&#8221;; se solo oggi scriviamo dei Meetup (attivi dal 2005) il problema \u00e8 nostro, e lo \u00e8 anche quando oggi \u00e8 una notizia che Grillo non \u00e8 social.<\/p><\/blockquote>\n","protected":false},"excerpt":{"rendered":"<p>Il sunto di questo eccellente intervento tutto da leggere e da capire di Arianna su Repubblica \u00e8 a mio parere :&#8221;ma&#8217;ndo cazzo stavate ?\u00a0 Pensavate di farla franca ma qui \u00e8 Waterloo&#8221; Sul blog di Grillo &#8211; che distingue tra giornalismo politico e locale &#8211; si reitera il frame &#8220;giornalisti=casta, politici=casta&#8221;. E il frame si &#8230; <a title=\"Cari giornalisti: ma &#8216;ndo cazzo stavate ? Pensavate di farla franca ma qui \u00e8 Waterloo\" class=\"read-more\" href=\"https:\/\/www.pasteris.it\/blog\/2013\/03\/09\/cari-giornalisti-ma-ndo-cazzo-stavate-pensavate-di-farla-franca-ma-qui-e-waterloo\/\" aria-label=\"Per saperne di pi\u00f9 su Cari giornalisti: ma &#8216;ndo cazzo stavate ? Pensavate di farla franca ma qui \u00e8 Waterloo\">Leggi tutto<\/a><\/p>\n","protected":false},"author":3,"featured_media":0,"comment_status":"open","ping_status":"open","sticky":false,"template":"","format":"standard","meta":{"footnotes":""},"categories":[30,32,424],"tags":[2030,1601,161,1332],"class_list":["post-30474","post","type-post","status-publish","format-standard","hentry","category-media","category-pensieri","category-personale","tag-arianna","tag-festival-giornalismo","tag-giornalisti","tag-grillo"],"_links":{"self":[{"href":"https:\/\/www.pasteris.it\/blog\/wp-json\/wp\/v2\/posts\/30474","targetHints":{"allow":["GET"]}}],"collection":[{"href":"https:\/\/www.pasteris.it\/blog\/wp-json\/wp\/v2\/posts"}],"about":[{"href":"https:\/\/www.pasteris.it\/blog\/wp-json\/wp\/v2\/types\/post"}],"author":[{"embeddable":true,"href":"https:\/\/www.pasteris.it\/blog\/wp-json\/wp\/v2\/users\/3"}],"replies":[{"embeddable":true,"href":"https:\/\/www.pasteris.it\/blog\/wp-json\/wp\/v2\/comments?post=30474"}],"version-history":[{"count":5,"href":"https:\/\/www.pasteris.it\/blog\/wp-json\/wp\/v2\/posts\/30474\/revisions"}],"predecessor-version":[{"id":30480,"href":"https:\/\/www.pasteris.it\/blog\/wp-json\/wp\/v2\/posts\/30474\/revisions\/30480"}],"wp:attachment":[{"href":"https:\/\/www.pasteris.it\/blog\/wp-json\/wp\/v2\/media?parent=30474"}],"wp:term":[{"taxonomy":"category","embeddable":true,"href":"https:\/\/www.pasteris.it\/blog\/wp-json\/wp\/v2\/categories?post=30474"},{"taxonomy":"post_tag","embeddable":true,"href":"https:\/\/www.pasteris.it\/blog\/wp-json\/wp\/v2\/tags?post=30474"}],"curies":[{"name":"wp","href":"https:\/\/api.w.org\/{rel}","templated":true}]}}