{"id":30504,"date":"2013-03-13T10:31:21","date_gmt":"2013-03-13T08:31:21","guid":{"rendered":"http:\/\/www.pasteris.it\/blog\/?p=30504"},"modified":"2013-03-13T10:26:45","modified_gmt":"2013-03-13T08:26:45","slug":"sistema-torino-for-dummies","status":"publish","type":"post","link":"https:\/\/www.pasteris.it\/blog\/2013\/03\/13\/sistema-torino-for-dummies\/","title":{"rendered":"Sistema Torino for Dummies"},"content":{"rendered":"<p><a href=\"http:\/\/www.quotidianopiemontese.it\/testolibero\/2013\/03\/12\/che-coa-e-il-sistema-torino\" target=\"_blank\">Da Testo Libero<\/a><\/p>\n<blockquote><p>Nella puntata di domenica scorsa di Presa Diretta si parla anche del Sistema Torino. Secondo Chiara Appendino che pi\u00f9 volte lo ha denunciato nel concreto il Sistema Torino questo si regge su tre fattori: l\u2019alimentazione finanziaria data dalle fondazioni culturali, le persone che fanno parte degli enti pubblici e la gestione clientelare da parte dei dirigenti del Comune.\u00a0Secondo Piero Fassino il sistema Torino non esiste, \u00e8 una bella formula propagandistica perche il comune di Torino non ha consulenti. e le fondazioni ci sono in tutte le citt\u00e0 e sono sotto il controllo del Comune. Ora mi sembra che gli appigli di Fassino siano incosistenti anche perch\u00e8 il Sistema Torino \u00e8 un fenomeno allargato.<\/p>\n<p>Che cosa ? il Sistema Torino ?\u00a0Da un po\u2019 di tempo se ne parla: finalmemte. \u00a0Il Sistema Torino \u00e8 stato creato da una serie di persone e di potentati che hanno dominato e gestito i centri nevralgici della citt\u00e1 di Torino di fatto comandandola.<!--more--><\/p>\n<p>Ma quali sono le radici di questo Sistema: da che componenti \u00e8 stato creato ? \u00a0Si tratta di gruppi originariamente diversi , apparentemente agli antipodi che si sono compenetrati, miscelandosi fino a formare un tutt\u2019uno omogeneo in cui i personaggi si scambiamo ruoli di potere ma al cui interno si accede attraverso un esclusivo processo di cooptazione.<\/p>\n<p>I componenti che hanno dominato la citt\u00e1 sono stati da un lato i politici e i sindacalisti della sinistra e poi centro sinistra insieme alle loro discendenze che hanno detenuto il potere da molti anni sulla citt\u00e1. Con questi spesso a braccetto o in imprendibili partite di carte si sono mixati i personaggi della famiglia allargata Agnelli e i manager anche pensionati del gruppo Fiat.<\/p>\n<p>Se Gianni Agnelli ? stato il re bonario di Torino molti vassalli e valvassori si sono riciclati dopo la loro carriera manageriale in cariche pubbliche da assessorati a enti di diritto pubblico. Poi ci sono importanti professionisti di quelle che un tempo si chiamavano professioni liberali soprattutto avvocati e commercialisti , qualche architetto, pochi medici e ingegneri. Anche a Torino per avere potere e meglio conoscere i conti e le leggi che la scienza e la tecnologia.<\/p><\/blockquote>\n","protected":false},"excerpt":{"rendered":"<p>Da Testo Libero Nella puntata di domenica scorsa di Presa Diretta si parla anche del Sistema Torino. Secondo Chiara Appendino che pi\u00f9 volte lo ha denunciato nel concreto il Sistema Torino questo si regge su tre fattori: l\u2019alimentazione finanziaria data dalle fondazioni culturali, le persone che fanno parte degli enti pubblici e la gestione clientelare &#8230; <a title=\"Sistema Torino for Dummies\" class=\"read-more\" href=\"https:\/\/www.pasteris.it\/blog\/2013\/03\/13\/sistema-torino-for-dummies\/\" aria-label=\"Per saperne di pi\u00f9 su Sistema Torino for Dummies\">Leggi tutto<\/a><\/p>\n","protected":false},"author":3,"featured_media":0,"comment_status":"open","ping_status":"open","sticky":false,"template":"","format":"standard","meta":{"footnotes":""},"categories":[32,14],"tags":[267],"class_list":["post-30504","post","type-post","status-publish","format-standard","hentry","category-pensieri","category-torino","tag-piemonte"],"_links":{"self":[{"href":"https:\/\/www.pasteris.it\/blog\/wp-json\/wp\/v2\/posts\/30504","targetHints":{"allow":["GET"]}}],"collection":[{"href":"https:\/\/www.pasteris.it\/blog\/wp-json\/wp\/v2\/posts"}],"about":[{"href":"https:\/\/www.pasteris.it\/blog\/wp-json\/wp\/v2\/types\/post"}],"author":[{"embeddable":true,"href":"https:\/\/www.pasteris.it\/blog\/wp-json\/wp\/v2\/users\/3"}],"replies":[{"embeddable":true,"href":"https:\/\/www.pasteris.it\/blog\/wp-json\/wp\/v2\/comments?post=30504"}],"version-history":[{"count":3,"href":"https:\/\/www.pasteris.it\/blog\/wp-json\/wp\/v2\/posts\/30504\/revisions"}],"predecessor-version":[{"id":30506,"href":"https:\/\/www.pasteris.it\/blog\/wp-json\/wp\/v2\/posts\/30504\/revisions\/30506"}],"wp:attachment":[{"href":"https:\/\/www.pasteris.it\/blog\/wp-json\/wp\/v2\/media?parent=30504"}],"wp:term":[{"taxonomy":"category","embeddable":true,"href":"https:\/\/www.pasteris.it\/blog\/wp-json\/wp\/v2\/categories?post=30504"},{"taxonomy":"post_tag","embeddable":true,"href":"https:\/\/www.pasteris.it\/blog\/wp-json\/wp\/v2\/tags?post=30504"}],"curies":[{"name":"wp","href":"https:\/\/api.w.org\/{rel}","templated":true}]}}