{"id":30679,"date":"2013-05-18T07:30:58","date_gmt":"2013-05-18T05:30:58","guid":{"rendered":"http:\/\/www.pasteris.it\/blog\/?p=30679"},"modified":"2013-05-20T12:22:33","modified_gmt":"2013-05-20T10:22:33","slug":"la-mia-candidatura-per-per-le-prossime-elezioni-per-lordine-dei-giornalisti-del-19-e-26-maggio-2013","status":"publish","type":"post","link":"https:\/\/www.pasteris.it\/blog\/2013\/05\/18\/la-mia-candidatura-per-per-le-prossime-elezioni-per-lordine-dei-giornalisti-del-19-e-26-maggio-2013\/","title":{"rendered":"La mia candidatura per le prossime elezioni per l&#8217;Ordine dei giornalisti del 19 e 26 maggio 2013"},"content":{"rendered":"<p><a href=\"http:\/\/www.pasteris.it\/blog\/wp-content\/uploads\/2013\/05\/vittorio.pasteris.jpg\"><img loading=\"lazy\" decoding=\"async\" class=\"wp-image-30687 alignright\" alt=\"vittorio.pasteris\" src=\"http:\/\/www.pasteris.it\/blog\/wp-content\/uploads\/2013\/05\/vittorio.pasteris.jpg\" width=\"212\" height=\"227\" srcset=\"https:\/\/www.pasteris.it\/blog\/wp-content\/uploads\/2013\/05\/vittorio.pasteris.jpg 303w, https:\/\/www.pasteris.it\/blog\/wp-content\/uploads\/2013\/05\/vittorio.pasteris-280x300.jpg 280w\" sizes=\"auto, (max-width: 212px) 100vw, 212px\" \/><\/a>Ho deciso di metterci la faccia, l&#8217;impengo e le competenze per le prossime elezioni dell&#8217;<a href=\"http:\/\/www.odgpiemonte.it\/index.php?option=com_content&amp;task=view&amp;id=333&amp;Itemid=24\" target=\"_blank\">Ordine dei Giornalisti in Piemonte<\/a>. Tutto \u00e8 nato in un incontro di giornalisti in cui tutti sostenevano che non era pi\u00f9 possibile, a maggior ragione con i tempi che corrono, una gestione del genere dell&#8217;Ordine dei Giornalisti del Piemonte. In cui tutti i presenti con cui mi intrattenevo sostenevano che era necessario dal basso cercare di cambiare le cose per salvare la dignit\u00e0 del mestiere e la qualit\u00e0 dell&#8217;informazione in questa regione <img decoding=\"async\" id=\":1kk\" tabindex=\"0\" role=\"button\" alt=\"\" src=\"https:\/\/mail.google.com\/mail\/u\/0\/images\/cleardot.gif\" data-tooltip=\"Mostra dettagli\" \/>dopo l&#8217;azione per anni di\u00a0 persone che hanno solo difeso prevalentemente i loro interessi e le loro posizioni dietro belle parole e molti discorsi vuoti: pavidi con i potenti e prepotenti con i deboli.<\/p>\n<p>Da tempo avevo deciso di non occuparmi di quello che succede in questo campo in Piemonte dopo aver visto cose vergognose, dopo aver cercato di difendere per quello che mi riguardava la legalit\u00e0 e la correttezza ricevedendo dall&#8217;Ordine piemontese non risposte e prese in giro, <a href=\"http:\/\/www.pasteris.it\/blog\/2012\/12\/18\/perche-questanno-non-mi-occuppo-per-ora-del-master-in-giornalismo-di-torino-meritocrazia-graduatorie-e-calcolo-delle-probabilita\/?utm_source=rss&amp;utm_medium=rss&amp;utm_campaign=perche-questanno-non-mi-occuppo-per-ora-del\">buona ultima la vicenda del Master<\/a> in Giornalismo per cui aspettavo la nuova gestione per avere giustizia.<\/p>\n<p>Ma ho capito che eravano in un buo numero &#8230; non eravamo soli tra soli. Cos\u00ec ho pensato che era il caso di provarci a fare qualcosa di diverso che non avesse le facce, le metodologie da conventicole, il braccino corto, l&#8217;amore per il potere e il dominio visto in questi anni.<!--more--><\/p>\n<p>Ovviamente ci siamo mossi dalla Rete e con la rete. Abbiamo discusso un po&#8217; con chat e skype, poi ci siamo autoconvocati fra cittadini e giornalisti di buona volont\u00e0 e di onest\u00e0 evidente per parlarci ma dato che noi siamo gente che lavora e lavora sul campo: non siamo pensionati o ipersalariati protetti, abbiamo faticato a trovarci da subito tutti insieme.<br \/>\nAbbiamo iniziato a coltivare il nostro <a href=\"http:\/\/freepresspiemonte.blogspot.it\">blog<\/a> e la nostra presenza sui social network come <a href=\"https:\/\/twitter.com\/freepresspiem\">twitter<\/a> e <a href=\"http:\/\/www.facebook.com\/giornalistipiemontesi\/\">facebook<\/a> e altro ancora.<\/p>\n<p>Abbiamo\u00a0 deciso di lavorare prima raccogliendo idee e progetti di programma per poi trasferirli in una bozza di programma che l&#8217;ottimo Matteo ha concretizzato da maestro. A livello regionale piemontese non era realistico pensare di poter ottenere la maggioranza, ma di candidare un numero serio e limitato di candidati sui cui far crescere i consensi.<\/p>\n<p>Abbiamo voluto da subito iniziare a discutere non fra giornalisti ma con tutti i cittadini perch\u00e8 l&#8217;infornazione \u00e8 non solo un problema da giornalisti, ma un tema per tutti quelli che credono nella societ\u00e0 civile e nella civilt\u00e0. Anche perch\u00e8 sul tema dell&#8217;Ordine il discorso \u00e8 molto semplice: o si riforma fortemente e veocemente e si mandano a casa le vecchie cariatidi dopo aver ridotto a un numero molto ridotto i consiglieri, o \u00e8 meglio scioglierlo velocemente, per il bene dei cittadini e dei giornalisti stessi.<\/p>\n<p>Dopo pochi giorni un fatto inaspettato, abbiamo subito trovato dei compagni di viaggio in un gruppo di giornalisti che si stavano a loro volta mobilitando <a href=\"http:\/\/www.pasteris.it\/blog\/2013\/04\/02\/il-19-e-26-maggio-2013-si-vota-per-lordine-dei-giornalisti-riformarlo-in-fretta-o-abolirlo-ma-sopprattutto-non-delegare-ai-soliti\/\">dopo l&#8217;appello del presidente nazionale<\/a> a fare qualcosa, ad impegnarsi a candidarsi. Ci siamo scritti, ci siamo parlati, ci siamo annusati, ci siamo raccontati, ci siamo piaciuti da subito capendo di avere tutti gli obiettivi e i metodi condivisi. Abbiamo allora deciso di unirci e fonderci e andare avanti insieme. Abbiamo capito che eravamo in tanti che non avevano paura dello scontro purch\u00e8 sia corretto come noi saremo corretti, trasparenti e diretti, anche se non ci paluderemo dietro belle cravatte e vestitini alla moda, alta retorica e fiumi di parole vane.<\/p>\n<p>E&#8217; cos\u00ec nata <a href=\"http:\/\/freepresspiemonte.blogspot.it\/2013\/05\/i-candidati-di-giornalisti-per-il.html\">Giornalisti per il cambiamento<\/a> una lista che presenteremo con orgoglio e fiducia alle prossime elezioni per l&#8217;Ordine dei Giornalsti<\/p>\n<p>Non sappiamo che cosa otterremo, siamo giovani ed inesperti di esperienze del genere.<\/p>\n<p>Abbiamo ricevuto molte attestazioni di stima e adesioni di chi chi scrive e teleofona dicendoci : &#8220;Bravi avete fatto bene, verremo a votare, voteremo voi perche non ne possiamo pi\u00f9 di quelli che ci sono stati per anni; oppure: &#8220;finalmente qualcuno che ha delle idee diverse, concrete, proiettate verso il futuro, coraggiose e aperte a tutti i giornalisti non solo le solite cerchie protette&#8221;.<\/p>\n<p>Infatti il nostro \u00e8 solo il punto di partenza di un percorso che nasce in questi giorni e che vuole davvero cambiare tutto in questa regione.<br \/>\nNei prossimi mesi ci organizzeremo meglio ancora sfruttando la Rete e le persone: abbiamo preso coscienza della nostra crescente forza. Anche se non avremo elettti faremo sempre sentire la nostra voce ed eserciteremo in ogni modo il nostro obiettivo di controllo, trasparenza e regolarit\u00e0 sugli atti del Consiglio Regionale e Nazionale.<\/p>\n<p>Una cosa mi preoccupa: molti colleghi ci hanno indicato che ci voteranno, ma che non potranno pubblicamente promuoverci perch\u00e8 :&#8221; potreemo avere ritorsioni nel nostro lavoro per esserci esposti contro certi personaggi&#8221;. Parole che la dicono chiarissima che ci troviamo di fronte a un vero &#8220;sistema&#8221; che dovremo destabilizzare e poi sostituire.<\/p>\n<p>Programma, idee e persone di Giornalisti per il Cambiamento<\/p>\n<p><iframe loading=\"lazy\" style=\"border: 1px solid #CCC; border-width: 1px 1px 0; margin-bottom: 5px;\" src=\"http:\/\/www.slideshare.net\/slideshow\/embed_code\/21372618\" height=\"421\" width=\"512\" allowfullscreen=\"\" frameborder=\"0\" marginwidth=\"0\" marginheight=\"0\" scrolling=\"no\"><\/iframe><\/p>\n<div style=\"margin-bottom: 5px;\"><strong> <a title=\"Giornalisti per il cambiamento\" href=\"http:\/\/www.slideshare.net\/vittorio.pasteris\/presentazione-gpcpptx\" target=\"_blank\">Giornalisti per il cambiamento<\/a> <\/strong> from <strong><a href=\"http:\/\/www.slideshare.net\/vittorio.pasteris\" target=\"_blank\">Vittorio Pasteris<\/a><\/strong><\/div>\n<p>&nbsp;<\/p>\n<p>La mia presentazione di Giornalisti per il Cambiamento<br \/>\n<iframe loading=\"lazy\" src=\"http:\/\/www.youtube.com\/embed\/2XMv3lAHA-U\" height=\"360\" width=\"480\" allowfullscreen=\"\" frameborder=\"0\"><\/iframe><\/p>\n<p>Giornalisti per il Cambiamento in Rete<br \/>\nBlog: h<a href=\"ttp:\/\/freepresspiemonte.blogspot.it\/\">ttp:\/\/freepresspiemonte.blogspot.it\/<\/a><br \/>\nEmail: freepresspiemonte@gmail.com<br \/>\nFacebook: <a href=\"ttp:\/\/freepresspiemonte.blogspot.it\/\">http:\/\/www.facebook.com\/giornalistipiemontesi\/<\/a><br \/>\nTwitter: <a href=\"ttp:\/\/freepresspiemonte.blogspot.it\/\">http:\/\/twitter.com\/freepresspiem<\/a><\/p>\n","protected":false},"excerpt":{"rendered":"<p>Ho deciso di metterci la faccia, l&#8217;impengo e le competenze per le prossime elezioni dell&#8217;Ordine dei Giornalisti in Piemonte. Tutto \u00e8 nato in un incontro di giornalisti in cui tutti sostenevano che non era pi\u00f9 possibile, a maggior ragione con i tempi che corrono, una gestione del genere dell&#8217;Ordine dei Giornalisti del Piemonte. In cui &#8230; <a title=\"La mia candidatura per le prossime elezioni per l&#8217;Ordine dei giornalisti del 19 e 26 maggio 2013\" class=\"read-more\" href=\"https:\/\/www.pasteris.it\/blog\/2013\/05\/18\/la-mia-candidatura-per-per-le-prossime-elezioni-per-lordine-dei-giornalisti-del-19-e-26-maggio-2013\/\" aria-label=\"Per saperne di pi\u00f9 su La mia candidatura per le prossime elezioni per l&#8217;Ordine dei giornalisti del 19 e 26 maggio 2013\">Leggi tutto<\/a><\/p>\n","protected":false},"author":3,"featured_media":0,"comment_status":"open","ping_status":"open","sticky":false,"template":"","format":"standard","meta":{"footnotes":""},"categories":[30,424,14],"tags":[161,255,267],"class_list":["post-30679","post","type-post","status-publish","format-standard","hentry","category-media","category-personale","category-torino","tag-giornalisti","tag-ordine-giornalisti","tag-piemonte"],"_links":{"self":[{"href":"https:\/\/www.pasteris.it\/blog\/wp-json\/wp\/v2\/posts\/30679","targetHints":{"allow":["GET"]}}],"collection":[{"href":"https:\/\/www.pasteris.it\/blog\/wp-json\/wp\/v2\/posts"}],"about":[{"href":"https:\/\/www.pasteris.it\/blog\/wp-json\/wp\/v2\/types\/post"}],"author":[{"embeddable":true,"href":"https:\/\/www.pasteris.it\/blog\/wp-json\/wp\/v2\/users\/3"}],"replies":[{"embeddable":true,"href":"https:\/\/www.pasteris.it\/blog\/wp-json\/wp\/v2\/comments?post=30679"}],"version-history":[{"count":13,"href":"https:\/\/www.pasteris.it\/blog\/wp-json\/wp\/v2\/posts\/30679\/revisions"}],"predecessor-version":[{"id":30690,"href":"https:\/\/www.pasteris.it\/blog\/wp-json\/wp\/v2\/posts\/30679\/revisions\/30690"}],"wp:attachment":[{"href":"https:\/\/www.pasteris.it\/blog\/wp-json\/wp\/v2\/media?parent=30679"}],"wp:term":[{"taxonomy":"category","embeddable":true,"href":"https:\/\/www.pasteris.it\/blog\/wp-json\/wp\/v2\/categories?post=30679"},{"taxonomy":"post_tag","embeddable":true,"href":"https:\/\/www.pasteris.it\/blog\/wp-json\/wp\/v2\/tags?post=30679"}],"curies":[{"name":"wp","href":"https:\/\/api.w.org\/{rel}","templated":true}]}}