{"id":30765,"date":"2013-06-08T19:08:28","date_gmt":"2013-06-08T17:08:28","guid":{"rendered":"http:\/\/www.pasteris.it\/blog\/?p=30765"},"modified":"2013-06-08T19:08:28","modified_gmt":"2013-06-08T17:08:28","slug":"la-commissione-ombra-per-lequo-compenso","status":"publish","type":"post","link":"https:\/\/www.pasteris.it\/blog\/2013\/06\/08\/la-commissione-ombra-per-lequo-compenso\/","title":{"rendered":"La commissione ombra per l&#8217;equo compenso"},"content":{"rendered":"<p><a href=\"http:\/\/blog.stefanotesi.it\/?p=2195\" target=\"_blank\">Via Stefano Tesi<\/a><\/p>\n<blockquote><p>Sono, oltre al sottoscritto, Fabrizio Morviducci, Vittorio Pasteris, Antonello Antonelli, Giulio Volont\u00e8, Rosaria Talarico, Francesco Blasi e Marco Merola. Pi\u00f9 due ombre delle ombre che per ora restano nell\u2019ombra. Tutti volontari: non mi sono \u201cscelto\u201d nessuno.<\/p>\n<p>Sette loro, sette noi.<br \/>\nLoro rappresentano OdG, Fnsi, Inpgi, Fieg, Ministero del lavoro e delle politiche sociali, Ministero dello sviluppo economico e Dipartimento per l\u2019informazione e l\u2019editoria della Presidenza del Consiglio dei ministri.<br \/>\nNoi rappresentiamo noi stessi e, in pectore (nonch\u00e8 nell\u2019ombra) i giornalisti autonomi italiani.<br \/>\nS\u00ec, ci siamo autonominati, ce la canteremo e ce la suoneremo. Con buona pace di chi ci osteggia (ma siamo tipi coriacei).<br \/>\nOltre a noi, l\u2019umbratile gruppo comprende anche alcuni \u201cfiancheggiatori\u201d pronti a coprire le eventuali fallanze o a dare contributi supplementari.<!--more--><br \/>\nI membri della commissione-ombra per l\u2019equo compenso sono:<br \/>\n&#8211; Rosaria Talarico, collega freelance calabrese residente a Roma (prima nell\u2019elenco anche per questioni di galanteria), <a href=\"http:\/\/www.rosaria.talarico.it\/\" target=\"_blank\">qui<\/a> il suo blog<br \/>\n&#8211; Antonello Antonelli, abruzzese, \u201cvolto noto\u201d delle istituzioni giornalistiche e del web (<a href=\"http:\/\/www.antonelloantonelli.com\" target=\"_blank\">qui<\/a> il suo blog)<br \/>\n&#8211; Fabrizio Morviducci, fiorentino, uno dei \u201cpadri\u201d della Carta di Firenze ed ex consigliere nazionale OdG<br \/>\n&#8211; Giulio Volont\u00e8, sardo, anch\u2019egli reduce dall\u2019assise della Carta di Firenze (<a href=\"http:\/\/giuliovolonte.wordpress.com\/\" target=\"_blank\">qui<\/a> il suo blog)<br \/>\n&#8211; Francesco Blasi, collega pure abruzzese e piuttosto incazzato<br \/>\n&#8211; Vittorio Pasteris, ben noto giornalista-incursore piemontese (<a href=\"http:\/\/www.pasteris.it\/blog\/\" target=\"_blank\">qui<\/a> il suo blog)<br \/>\n&#8211; Marco Merola, freelance partenopeo molto esposto sul piano della libera professione.<br \/>\nModus agendi: movimiento!<br \/>\nIl nostro sar\u00e0 un gioco di ruolo: ognuno avr\u00e0 il proprio e dovr\u00e0 interpretarlo mettendosi nei panni dei commissari veri. Pensare con la loro testa, agire per i loro interessi.<br \/>\nSolo che lo dir\u00e0 agli altri.<br \/>\nE cos\u00ec, in parallelo, cercheremo di accompagnare con un pensiero \u201cnostro\u201d, coerente e consequenziale, il pensiero \u201cloro\u201d.<br \/>\nUna cosa \u00e8 certa: le \u201combre\u201d conoscono il problema come e probabilmente meglio dei delegati formalmente incaricati di rappresentarli. e ne hanno una visione pi\u00f9 ampia e articolata.<br \/>\nHai visto mai che gli\/ci daremo una mano?<br \/>\nA rileggerci dunque su questi schermi\u2026<\/p><\/blockquote>\n","protected":false},"excerpt":{"rendered":"<p>Via Stefano Tesi Sono, oltre al sottoscritto, Fabrizio Morviducci, Vittorio Pasteris, Antonello Antonelli, Giulio Volont\u00e8, Rosaria Talarico, Francesco Blasi e Marco Merola. Pi\u00f9 due ombre delle ombre che per ora restano nell\u2019ombra. Tutti volontari: non mi sono \u201cscelto\u201d nessuno. Sette loro, sette noi. Loro rappresentano OdG, Fnsi, Inpgi, Fieg, Ministero del lavoro e delle politiche &#8230; <a title=\"La commissione ombra per l&#8217;equo compenso\" class=\"read-more\" href=\"https:\/\/www.pasteris.it\/blog\/2013\/06\/08\/la-commissione-ombra-per-lequo-compenso\/\" aria-label=\"Per saperne di pi\u00f9 su La commissione ombra per l&#8217;equo compenso\">Leggi tutto<\/a><\/p>\n","protected":false},"author":3,"featured_media":0,"comment_status":"open","ping_status":"open","sticky":false,"template":"","format":"standard","meta":{"footnotes":""},"categories":[17,30,424],"tags":[2649,2651,2650],"class_list":["post-30765","post","type-post","status-publish","format-standard","hentry","category-economia","category-media","category-personale","tag-commissione","tag-compenso","tag-ombra"],"_links":{"self":[{"href":"https:\/\/www.pasteris.it\/blog\/wp-json\/wp\/v2\/posts\/30765","targetHints":{"allow":["GET"]}}],"collection":[{"href":"https:\/\/www.pasteris.it\/blog\/wp-json\/wp\/v2\/posts"}],"about":[{"href":"https:\/\/www.pasteris.it\/blog\/wp-json\/wp\/v2\/types\/post"}],"author":[{"embeddable":true,"href":"https:\/\/www.pasteris.it\/blog\/wp-json\/wp\/v2\/users\/3"}],"replies":[{"embeddable":true,"href":"https:\/\/www.pasteris.it\/blog\/wp-json\/wp\/v2\/comments?post=30765"}],"version-history":[{"count":1,"href":"https:\/\/www.pasteris.it\/blog\/wp-json\/wp\/v2\/posts\/30765\/revisions"}],"predecessor-version":[{"id":30766,"href":"https:\/\/www.pasteris.it\/blog\/wp-json\/wp\/v2\/posts\/30765\/revisions\/30766"}],"wp:attachment":[{"href":"https:\/\/www.pasteris.it\/blog\/wp-json\/wp\/v2\/media?parent=30765"}],"wp:term":[{"taxonomy":"category","embeddable":true,"href":"https:\/\/www.pasteris.it\/blog\/wp-json\/wp\/v2\/categories?post=30765"},{"taxonomy":"post_tag","embeddable":true,"href":"https:\/\/www.pasteris.it\/blog\/wp-json\/wp\/v2\/tags?post=30765"}],"curies":[{"name":"wp","href":"https:\/\/api.w.org\/{rel}","templated":true}]}}