{"id":30796,"date":"2013-07-01T19:28:11","date_gmt":"2013-07-01T17:28:11","guid":{"rendered":"http:\/\/www.pasteris.it\/blog\/?p=30796"},"modified":"2013-07-01T19:28:11","modified_gmt":"2013-07-01T17:28:11","slug":"gli-eserciti-di-carta-dellinformazione-italiana","status":"publish","type":"post","link":"https:\/\/www.pasteris.it\/blog\/2013\/07\/01\/gli-eserciti-di-carta-dellinformazione-italiana\/","title":{"rendered":"Gli eserciti di carta dell&#8217;informazione italiana"},"content":{"rendered":"<p><a href=\"http:\/\/www.lafeltrinelli.it\/products\/9788858811696.html?param_adf=808498\" target=\"_blank\">Un interessante libro contro la corrente mainstream dell&#8217;informazione italiana<\/a><\/p>\n<blockquote><p><a href=\"http:\/\/www.pasteris.it\/blog\/wp-content\/uploads\/2013\/07\/eserciti-di-carta.jpg\"><img loading=\"lazy\" decoding=\"async\" class=\"size-medium wp-image-30797 alignright\" alt=\"eserciti-di-carta\" src=\"http:\/\/www.pasteris.it\/blog\/wp-content\/uploads\/2013\/07\/eserciti-di-carta-191x300.jpg\" width=\"191\" height=\"300\" srcset=\"https:\/\/www.pasteris.it\/blog\/wp-content\/uploads\/2013\/07\/eserciti-di-carta-191x300.jpg 191w, https:\/\/www.pasteris.it\/blog\/wp-content\/uploads\/2013\/07\/eserciti-di-carta.jpg 200w\" sizes=\"auto, (max-width: 191px) 100vw, 191px\" \/><\/a>Lo stato di salute del giornalismo italiano \u00e8 una delle questioni pi\u00f9 dibattute degli ultimi anni. Lo scontro intorno alla figura di Silvio Berlusconi ha portato la discussione su quale debba essere il ruolo della stampa a un tale livello di animosit\u00e0 e litigiosit\u00e0 da rendere pressoch\u00e9 impossibile qualsiasi tipo di analisi obiettiva e imparziale. Ferdinando Giugliano e John Lloyd, due giornalisti del &#8220;Financial Times&#8221;, hanno cercato di compiere l&#8217;operazione pi\u00f9 difficile: esaminare con distacco, profondit\u00e0 e competenza il panorama del nostro giornalismo. Vista dall&#8217;estero, l&#8217;informazione italiana sembra fondata sul presupposto che l&#8217;obiettivit\u00e0 e l&#8217;equidistanza non siano possibili, che la neutralit\u00e0 rispetto a interessi e fazioni politiche sia irraggiungibile e che i giornalisti non possano evitare di assumere posizioni di parte. Ma \u00e8 davvero cos\u00ec? Televisione, carta stampata e siti di informazione sfornano solo notizie condite con opinioni? Come funziona l&#8217;informazione in Italia? Unendo la loro esperienza da giornalisti, il distacco di chi osserva da lontano e un puntiglioso lavoro di ricerca, fatto di decine d&#8217;interviste ai protagonisti del nostro giornalismo (da Ezio Mauro a Vittorio Feltri, da Marco Travaglio ad Augusto Minzolini), Giugliano e Lloyd riescono a collocare la questione al di sopra dell&#8217;usurato dibattito sul regime berlusconiano e sull&#8217;informazione asservita, andando a illuminare le caratteristiche e i vizi di fondo del giornalismo italiano.<\/p><\/blockquote>\n","protected":false},"excerpt":{"rendered":"<p>Un interessante libro contro la corrente mainstream dell&#8217;informazione italiana Lo stato di salute del giornalismo italiano \u00e8 una delle questioni pi\u00f9 dibattute degli ultimi anni. Lo scontro intorno alla figura di Silvio Berlusconi ha portato la discussione su quale debba essere il ruolo della stampa a un tale livello di animosit\u00e0 e litigiosit\u00e0 da rendere &#8230; <a title=\"Gli eserciti di carta dell&#8217;informazione italiana\" class=\"read-more\" href=\"https:\/\/www.pasteris.it\/blog\/2013\/07\/01\/gli-eserciti-di-carta-dellinformazione-italiana\/\" aria-label=\"Per saperne di pi\u00f9 su Gli eserciti di carta dell&#8217;informazione italiana\">Leggi tutto<\/a><\/p>\n","protected":false},"author":3,"featured_media":0,"comment_status":"open","ping_status":"open","sticky":false,"template":"","format":"standard","meta":{"footnotes":""},"categories":[1,30],"tags":[740,2663,176,2492],"class_list":["post-30796","post","type-post","status-publish","format-standard","hentry","category-politica","category-media","tag-carta","tag-eserciti","tag-informazione","tag-italiana"],"_links":{"self":[{"href":"https:\/\/www.pasteris.it\/blog\/wp-json\/wp\/v2\/posts\/30796","targetHints":{"allow":["GET"]}}],"collection":[{"href":"https:\/\/www.pasteris.it\/blog\/wp-json\/wp\/v2\/posts"}],"about":[{"href":"https:\/\/www.pasteris.it\/blog\/wp-json\/wp\/v2\/types\/post"}],"author":[{"embeddable":true,"href":"https:\/\/www.pasteris.it\/blog\/wp-json\/wp\/v2\/users\/3"}],"replies":[{"embeddable":true,"href":"https:\/\/www.pasteris.it\/blog\/wp-json\/wp\/v2\/comments?post=30796"}],"version-history":[{"count":1,"href":"https:\/\/www.pasteris.it\/blog\/wp-json\/wp\/v2\/posts\/30796\/revisions"}],"predecessor-version":[{"id":30798,"href":"https:\/\/www.pasteris.it\/blog\/wp-json\/wp\/v2\/posts\/30796\/revisions\/30798"}],"wp:attachment":[{"href":"https:\/\/www.pasteris.it\/blog\/wp-json\/wp\/v2\/media?parent=30796"}],"wp:term":[{"taxonomy":"category","embeddable":true,"href":"https:\/\/www.pasteris.it\/blog\/wp-json\/wp\/v2\/categories?post=30796"},{"taxonomy":"post_tag","embeddable":true,"href":"https:\/\/www.pasteris.it\/blog\/wp-json\/wp\/v2\/tags?post=30796"}],"curies":[{"name":"wp","href":"https:\/\/api.w.org\/{rel}","templated":true}]}}