{"id":30947,"date":"2013-10-10T05:13:16","date_gmt":"2013-10-10T03:13:16","guid":{"rendered":"http:\/\/www.pasteris.it\/blog\/?p=30947"},"modified":"2013-10-10T10:05:51","modified_gmt":"2013-10-10T08:05:51","slug":"master-giornalismo-torino-errare-umano-perseverare-sarebbe-diabolico","status":"publish","type":"post","link":"https:\/\/www.pasteris.it\/blog\/2013\/10\/10\/master-giornalismo-torino-errare-umano-perseverare-sarebbe-diabolico\/","title":{"rendered":"Master in giornalismo di Torino: errare \u00e8 umano, perseverare sarebbe diabolico"},"content":{"rendered":"<p><a href=\"http:\/\/www.pasteris.it\/blog\/wp-content\/uploads\/2013\/10\/ordine-giornalisti-piemonte.jpg\"><img loading=\"lazy\" decoding=\"async\" class=\"size-full wp-image-30948 alignright\" alt=\"ordine-giornalisti-piemonte\" src=\"http:\/\/www.pasteris.it\/blog\/wp-content\/uploads\/2013\/10\/ordine-giornalisti-piemonte.jpg\" width=\"266\" height=\"190\" \/><\/a>Un annetto fa si \u00e8 svolta la selezione\u00a0 dei tutor del Master in Giornalismo di Torino. <a href=\"http:\/\/www.pasteris.it\/blog\/2012\/12\/18\/perche-questanno-non-mi-occuppo-per-ora-del-master-in-giornalismo-di-torino-meritocrazia-graduatorie-e-calcolo-delle-probabilita\/#.UlYTdCTMpho\" target=\"_blank\">La graduatoria che ne \u00e8 uscita era divertente nel senso che in molte parti della stessa <\/a><a href=\"http:\/\/www.pasteris.it\/blog\/2012\/12\/18\/perche-questanno-non-mi-occuppo-per-ora-del-master-in-giornalismo-di-torino-meritocrazia-graduatorie-e-calcolo-delle-probabilita\/#.UlYTdCTMpho\" target=\"_blank\">leggerla\u00a0<\/a>ha fatto ridere al per come sono state modellate le cose.<\/p>\n<p>Mi sono preso il tempo e la pazienza <a href=\"http:\/\/www.pasteris.it\/blog\/2012\/12\/18\/perche-questanno-non-mi-occuppo-per-ora-del-master-in-giornalismo-di-torino-meritocrazia-graduatorie-e-calcolo-delle-probabilita\/\" target=\"_blank\">di esaminare gli esiti: potete leggere le analisi fatte lo scorso anno<\/a>: ho scelto di evitare denunce alla magistratura sull\u2019accaduto dopo lunghe consultazioni con amici, legali e con i referenti della\u00a0 Facolt\u00e0 che si \u00e8 trovata suo malgrado a dover gestire amministrativamente la pratica che operativamente \u00e8 stata gestita operativamente da un gruppo\u00a0 autonomo di persone facente capo al Master e ai suoi &#8220;organi direttivi&#8221;.<!--more--><\/p>\n<p>Ho scelto invece di chiedere che venga aperta una inchiesta da parte del consiglio di disciplina dell\u2019Ordine dei Giornalisti del Piemonte sul caso in generale perch\u00e8 si faccia chiarezza, non sarebbe mael.\u00a0 Mi sembra un modo serio di affrontare il problema chiedendo che si verifichi l&#8217;operato di 5 iscritti all&#8217;Ordine stesso (tutta la commissione) . Per ora stanno facendo orecchie da mercante ovvero rispondono che &#8220;ritengono\u00a0 superfluo incontrarti su questo argomento&#8221;, evidentemente sanno gi\u00e0 tutto su come \u00e8 andato o non sanno niente e non vogliono sapere. Non c&#8217;\u00e8 da stupirsi dato che non \u00e8 loro caratteristica genetica di dare ascolto. Ma troveremo i modi convincenti per aprire una tavolo.Per spostare le nebbie ci vuole un bel vento che sferzi il porto.<\/p>\n<p>Per il resto dopo la pubblicazione delle mie analisi su quanto accaduto lo scorso anno ho ricevuto molti feedback dagli stessi studenti del master\u00a0 che si sono meravigliati ritenendo che certi metodi non fanno altro che togliere crediblit\u00e0 al loro stesso persorso didattico che pure gli costa un bel mucchietto di denari.\u00a0 E&#8217; bello vederli dimostrare una formazione intellettuale che \u00e8 quella di color che dicono no alle storture e alle manipolazioni di questo paese e soprattutto di questa regione e questa citt\u00e0 in cui modestamente vivo e lavoro.\u00a0 Ma su queste storie leggerete presto nuove cose.<\/p>\n<p>In questi giorni immagino si sia riunita la commissione per cercare di fare una lista di tutor per il nuovo anno che tanto per gradire ha scelto un sistema di raccolta delle candidature per lo meno inusuale la mail neanche quella pec che ha un grado di affidabilit\u00e0 sensato. Sono confidente che memori di quanto accaduto la commissione non commetter\u00e0 stranezze o scivoloni. So che sapranno essere attenti. O forse no ?<\/p>\n<p>&nbsp;<\/p>\n","protected":false},"excerpt":{"rendered":"<p>Un annetto fa si \u00e8 svolta la selezione\u00a0 dei tutor del Master in Giornalismo di Torino. La graduatoria che ne \u00e8 uscita era divertente nel senso che in molte parti della stessa leggerla\u00a0ha fatto ridere al per come sono state modellate le cose. Mi sono preso il tempo e la pazienza di esaminare gli esiti: &#8230; <a title=\"Master in giornalismo di Torino: errare \u00e8 umano, perseverare sarebbe diabolico\" class=\"read-more\" href=\"https:\/\/www.pasteris.it\/blog\/2013\/10\/10\/master-giornalismo-torino-errare-umano-perseverare-sarebbe-diabolico\/\" aria-label=\"Per saperne di pi\u00f9 su Master in giornalismo di Torino: errare \u00e8 umano, perseverare sarebbe diabolico\">Leggi tutto<\/a><\/p>\n","protected":false},"author":3,"featured_media":0,"comment_status":"open","ping_status":"open","sticky":false,"template":"","format":"standard","meta":{"footnotes":""},"categories":[11,32,14],"tags":[1784,2078,2079],"class_list":["post-30947","post","type-post","status-publish","format-standard","hentry","category-diritti","category-pensieri","category-torino","tag-ordine-dei-giornalisti","tag-tutor","tag-vergogne"],"_links":{"self":[{"href":"https:\/\/www.pasteris.it\/blog\/wp-json\/wp\/v2\/posts\/30947","targetHints":{"allow":["GET"]}}],"collection":[{"href":"https:\/\/www.pasteris.it\/blog\/wp-json\/wp\/v2\/posts"}],"about":[{"href":"https:\/\/www.pasteris.it\/blog\/wp-json\/wp\/v2\/types\/post"}],"author":[{"embeddable":true,"href":"https:\/\/www.pasteris.it\/blog\/wp-json\/wp\/v2\/users\/3"}],"replies":[{"embeddable":true,"href":"https:\/\/www.pasteris.it\/blog\/wp-json\/wp\/v2\/comments?post=30947"}],"version-history":[{"count":2,"href":"https:\/\/www.pasteris.it\/blog\/wp-json\/wp\/v2\/posts\/30947\/revisions"}],"predecessor-version":[{"id":30950,"href":"https:\/\/www.pasteris.it\/blog\/wp-json\/wp\/v2\/posts\/30947\/revisions\/30950"}],"wp:attachment":[{"href":"https:\/\/www.pasteris.it\/blog\/wp-json\/wp\/v2\/media?parent=30947"}],"wp:term":[{"taxonomy":"category","embeddable":true,"href":"https:\/\/www.pasteris.it\/blog\/wp-json\/wp\/v2\/categories?post=30947"},{"taxonomy":"post_tag","embeddable":true,"href":"https:\/\/www.pasteris.it\/blog\/wp-json\/wp\/v2\/tags?post=30947"}],"curies":[{"name":"wp","href":"https:\/\/api.w.org\/{rel}","templated":true}]}}