{"id":3107,"date":"2008-02-24T11:00:47","date_gmt":"2008-02-24T09:00:47","guid":{"rendered":"http:\/\/www.pasteris.it\/blog\/2008\/02\/24\/autosegnalazione-oggi-alla-fnac\/"},"modified":"2008-02-24T06:52:58","modified_gmt":"2008-02-24T04:52:58","slug":"autosegnalazione-oggi-alla-fnac","status":"publish","type":"post","link":"https:\/\/www.pasteris.it\/blog\/2008\/02\/24\/autosegnalazione-oggi-alla-fnac\/","title":{"rendered":"Autosegnalazione: oggi alla Fnac"},"content":{"rendered":"<p><a href=\"http:\/\/cattivamaestra.blog.lastampa.it\/cattivamaestra\/2008\/02\/rashja.html\">Via Cattiva Maestra<\/a><\/p>\n<p>Nella giornata di domenica, l&#8217;amico blogger <a href=\"http:\/\/antoniocracas.blog.lastampa.it\/antonio_cracas\/\">Antonio<\/a> presenter\u00e0 il suo romanzo Ra\u00ecshja alla <a href=\"http:\/\/www.fnac.it\/it\/Institutional\/html\/incontriTO.html\">Fnac<\/a> di Torino in via <a href=\"http:\/\/www.fnac.it\/it\/Institutional\/html\/fnactorino.html\">Roma<\/a>. L&#8217;incontro si terr\u00e0 alle 18.00 con la partecipazione di <a href=\"http:\/\/www.pasteris.it\/blog\/\/\">Vittorio Pasteris<\/a>, amministratore dei blog della Stampa, blogger, giornalista, ma soprattutto amico.<\/p>\n","protected":false},"excerpt":{"rendered":"<p>Via Cattiva Maestra Nella giornata di domenica, l&#8217;amico blogger Antonio presenter\u00e0 il suo romanzo Ra\u00ecshja alla Fnac di Torino in via Roma. L&#8217;incontro si terr\u00e0 alle 18.00 con la partecipazione di Vittorio Pasteris, amministratore dei blog della Stampa, blogger, giornalista, ma soprattutto amico.<\/p>\n","protected":false},"author":4,"featured_media":0,"comment_status":"open","ping_status":"open","sticky":false,"template":"","format":"standard","meta":{"footnotes":""},"categories":[],"tags":[2160],"class_list":["post-3107","post","type-post","status-publish","format-standard","hentry","tag-torino"],"_links":{"self":[{"href":"https:\/\/www.pasteris.it\/blog\/wp-json\/wp\/v2\/posts\/3107","targetHints":{"allow":["GET"]}}],"collection":[{"href":"https:\/\/www.pasteris.it\/blog\/wp-json\/wp\/v2\/posts"}],"about":[{"href":"https:\/\/www.pasteris.it\/blog\/wp-json\/wp\/v2\/types\/post"}],"author":[{"embeddable":true,"href":"https:\/\/www.pasteris.it\/blog\/wp-json\/wp\/v2\/users\/4"}],"replies":[{"embeddable":true,"href":"https:\/\/www.pasteris.it\/blog\/wp-json\/wp\/v2\/comments?post=3107"}],"version-history":[{"count":0,"href":"https:\/\/www.pasteris.it\/blog\/wp-json\/wp\/v2\/posts\/3107\/revisions"}],"wp:attachment":[{"href":"https:\/\/www.pasteris.it\/blog\/wp-json\/wp\/v2\/media?parent=3107"}],"wp:term":[{"taxonomy":"category","embeddable":true,"href":"https:\/\/www.pasteris.it\/blog\/wp-json\/wp\/v2\/categories?post=3107"},{"taxonomy":"post_tag","embeddable":true,"href":"https:\/\/www.pasteris.it\/blog\/wp-json\/wp\/v2\/tags?post=3107"}],"curies":[{"name":"wp","href":"https:\/\/api.w.org\/{rel}","templated":true}]}}