{"id":31212,"date":"2014-04-06T08:45:11","date_gmt":"2014-04-06T06:45:11","guid":{"rendered":"http:\/\/www.pasteris.it\/blog\/?p=31212"},"modified":"2014-04-04T20:35:05","modified_gmt":"2014-04-04T18:35:05","slug":"cronache-dal-pianeta-fa-giusta","status":"publish","type":"post","link":"https:\/\/www.pasteris.it\/blog\/2014\/04\/06\/cronache-dal-pianeta-fa-giusta\/","title":{"rendered":"Cronache dal pianeta Fa la Cosa Giusta"},"content":{"rendered":"<p><a href=\"http:\/\/falacosagiusta.terre.it\/\">Fa la cosa giusta<\/a> \u00e8 il futuro \u00e8 il presente &#8230; un evento per capire come dobbiamo diventare e per capire che Milano \u00e8 davvero avanti nell&#8217;essere smart &#8230; socialmente &#8230;<\/p>\n<p><object width=\"600\" height=\"400\" classid=\"clsid:d27cdb6e-ae6d-11cf-96b8-444553540000\" codebase=\"http:\/\/download.macromedia.com\/pub\/shockwave\/cabs\/flash\/swflash.cab#version=6,0,40,0\"><param name=\"src\" value=\"https:\/\/photos.gstatic.com\/media\/slideshow.swf\" \/><param name=\"flashvars\" value=\"host=picasaweb.google.com&amp;hl=it&amp;feat=flashalbum&amp;RGB=0x000000&amp;feed=https%3A%2F%2Fpicasaweb.google.com%2Fdata%2Ffeed%2Fapi%2Fuser%2F100189631005863749866%2Falbumid%2F5996778542071660625%3Falt%3Drss%26kind%3Dphoto%26hl%3Dit\" \/><param name=\"pluginspage\" value=\"http:\/\/www.macromedia.com\/go\/getflashplayer\" \/><embed width=\"600\" height=\"400\" type=\"application\/x-shockwave-flash\" src=\"https:\/\/photos.gstatic.com\/media\/slideshow.swf\" flashvars=\"host=picasaweb.google.com&amp;hl=it&amp;feat=flashalbum&amp;RGB=0x000000&amp;feed=https%3A%2F%2Fpicasaweb.google.com%2Fdata%2Ffeed%2Fapi%2Fuser%2F100189631005863749866%2Falbumid%2F5996778542071660625%3Falt%3Drss%26kind%3Dphoto%26hl%3Dit\" pluginspage=\"http:\/\/www.macromedia.com\/go\/getflashplayer\" \/><\/object><\/p>\n<p>La presentazione di <a href=\"http:\/\/http\/\/www.asteriskedizioni.it\/products-page\/interrogativo\/la-revolution-dei-colibri-economia-sociale\/\" target=\"_blank\">La Revolution del Colibr\u00ec<\/a> di <a href=\"http:\/\/andreaparacchini.blogspot.it\/\" target=\"_blank\">Andrea Paracchini<br \/>\n<\/a><br \/>\n<iframe loading=\"lazy\" src=\"\/\/www.youtube.com\/embed\/UHS5Pmr4JfQ?rel=0\" height=\"315\" width=\"560\" allowfullscreen=\"\" frameborder=\"0\"><\/iframe><\/p>\n","protected":false},"excerpt":{"rendered":"<p>Fa la cosa giusta \u00e8 il futuro \u00e8 il presente &#8230; un evento per capire come dobbiamo diventare e per capire che Milano \u00e8 davvero avanti nell&#8217;essere smart &#8230; socialmente &#8230; La presentazione di La Revolution del Colibr\u00ec di Andrea Paracchini<\/p>\n","protected":false},"author":3,"featured_media":0,"comment_status":"open","ping_status":"open","sticky":false,"template":"","format":"standard","meta":{"footnotes":""},"categories":[49,17,32,18],"tags":[2172,2100,230],"class_list":["post-31212","post","type-post","status-publish","format-standard","hentry","category-ambiente","category-economia","category-pensieri","category-scienza","tag-ambiente","tag-economia-sociale","tag-milano"],"_links":{"self":[{"href":"https:\/\/www.pasteris.it\/blog\/wp-json\/wp\/v2\/posts\/31212","targetHints":{"allow":["GET"]}}],"collection":[{"href":"https:\/\/www.pasteris.it\/blog\/wp-json\/wp\/v2\/posts"}],"about":[{"href":"https:\/\/www.pasteris.it\/blog\/wp-json\/wp\/v2\/types\/post"}],"author":[{"embeddable":true,"href":"https:\/\/www.pasteris.it\/blog\/wp-json\/wp\/v2\/users\/3"}],"replies":[{"embeddable":true,"href":"https:\/\/www.pasteris.it\/blog\/wp-json\/wp\/v2\/comments?post=31212"}],"version-history":[{"count":2,"href":"https:\/\/www.pasteris.it\/blog\/wp-json\/wp\/v2\/posts\/31212\/revisions"}],"predecessor-version":[{"id":31214,"href":"https:\/\/www.pasteris.it\/blog\/wp-json\/wp\/v2\/posts\/31212\/revisions\/31214"}],"wp:attachment":[{"href":"https:\/\/www.pasteris.it\/blog\/wp-json\/wp\/v2\/media?parent=31212"}],"wp:term":[{"taxonomy":"category","embeddable":true,"href":"https:\/\/www.pasteris.it\/blog\/wp-json\/wp\/v2\/categories?post=31212"},{"taxonomy":"post_tag","embeddable":true,"href":"https:\/\/www.pasteris.it\/blog\/wp-json\/wp\/v2\/tags?post=31212"}],"curies":[{"name":"wp","href":"https:\/\/api.w.org\/{rel}","templated":true}]}}