{"id":31245,"date":"2014-05-06T01:59:37","date_gmt":"2014-05-05T23:59:37","guid":{"rendered":"http:\/\/www.pasteris.it\/blog\/?p=31245"},"modified":"2014-05-06T10:21:35","modified_gmt":"2014-05-06T08:21:35","slug":"problema-non-culo-litalia-linformazione-fatta-culo","status":"publish","type":"post","link":"https:\/\/www.pasteris.it\/blog\/2014\/05\/06\/problema-non-culo-litalia-linformazione-fatta-culo\/","title":{"rendered":"Il problema non \u00e8 il culo ma l&#8217;Italia, meglio l&#8217;informazione fatta con il culo"},"content":{"rendered":"<p>In questi giorni in cui in questo ameno paese che si chiama Italia continuano a succedere cose incredibili per un paese normale,\u00a0 gruppi di personaggi che non hanno nulla da fare di meglio si sono accapigliati per una ironica esposizione dei muscoli glutei finalizzata a dimostrare il circolo vizioso della comunicazione italiana. <a href=\"http:\/\/gilioli.blogautore.espresso.repubblica.it\/2014\/05\/05\/i-media-e-il-culo-nel-2014\/\">I fatti sono raccontati mirabilmente nel post che leggerete di Alessandro Gilioli<\/a>.<\/p>\n<p>Dei tanti ricordi dell&#8217;amicizia con Paola Bacchiddu, mi viene in mentre un incontro di qualche anno fa in stazione Centrale a Milano. Sembravamo due percolosi BR che discutevano di nascosto della terrificante situazione nelle redazioni italiane e dei casini che piccoli e grandi delinqunti ci stavano creando. Ma non avevamo mollato e non abbiamo mollato neanche oggi. Abbiamo la schiena dritta, s\u00ec quella attaccata sopra il suddetto culo.<br \/>\nBrava Paola. Bel colpo. Hai raccontato con ironia il delirio dell&#8217;informazione in Italia. Il problema non e&#8217; il culo ma il suo intorno che si chiama Italia.<\/p>\n<blockquote><p>Ho un po\u2019 seguito, per amicizia e vicinanza politica, il lavoro che Paola Bacchiddu ha fatto da met\u00e0 febbraio a oggi come capo della comunicazione della lista Tsipras.<\/p>\n<p>E ho quindi vissuto giorno per giorno, nelle sue telefonate e nei suoi messaggi, le difficolt\u00e0 enormi all\u2019interno delle quali si \u00e8 mossa per tentare di raggiungere i suoi obiettivi: primo, far sapere che esisteva questa lista; secondo, comunicare almeno i suoi due o tre punti programmatici fondamentali; terzo, cercare di far capire che le intenzioni con cui questa lista \u00e8 nata non sono quelle di rieditare per l\u2019ennesima volta un\u2019ammucchiata della sinistra radicale, ma si sta tentando di fare una cosa nuova e diversa anche come approccio mentale e, s\u00ec, anche un po\u2019 generazionale.<!--more--><\/p>\n<p>Paola e il suo piccolo team, sostanzialmente, finora non ce l\u2019hanno fatta a raggiungere nessuno dei tre obiettivi, pur lottando ogni giorno come leoni.<\/p>\n<p>Per tanti motivi: un po\u2019 che in questo provinciale Paese non si \u00e8 ancora capito che il voto per l\u2019Europa conta per le nostre vite almeno quanto quello nazionale, quindi la campagna elettorale si \u00e8 ridotta a un derby tra Grillo e Renzi, con l\u2019aggiunta in questi giorni di Berlusconi; un po\u2019 perch\u00e9 i media sono sostanzialmente omologati su Renzi, a parte quelli berlusconiani e pochissimi altri; un po\u2019 perch\u00e9 la lista Tsipras \u00e8 cosa nuova e ogni forza politica ha bisogno di tempo per affermarsi se non ha un patrimonio economico al quale attingere (e loro non fanno fatica pure ad affittarsi uno streaming); un po\u2019 perch\u00e9 all\u2019interno della stessa lista non mancano le veteroresistenze, i tic di sempre, quei cascami subculturali secondo i quali la comunicazione \u00e8 il diavolo, tipo \u201cnoi siamo nel giusto e abbiamo ragione, non serve che siano gli elettori a darcela\u201d.<\/p>\n<p>Cos\u00ec ho assistito allo sbattere quotidiano del cranio contro un muro, da parte di Paola e dei suoi: e i ricorsi all\u2019Agcom, e le richieste di rettifica alle tiv\u00f9 perch\u00e9 nei sondaggi mettevano il dato di Sel anzich\u00e9 quello della lista Tsipras, e le lettere ai conduttori dei talk show perch\u00e9 nei confronti in tiv\u00f9 ci fosse anche uno dei loro, e le mail ai direttori dei giornali perch\u00e9 almeno nei pastoni fosse data notizia dell\u2019esistenza della lista \u2013 senza dire delle mille idee creative per far parlare di s\u00e9 a basso budget, dai video ironici ai flash mob in Galleria a Milano<\/p>\n<p>Niente: non ne cavavano manco un colonnino, una citazione, una fotonotizia. Neppure quando Tsipras \u00e8 venuto in Italia. Neppure quando sono riusciti a fare il piccolo miracolo (unica lista tra tutte quelle che si presentano) di mettere insieme le 300 mila firme necessarie per presentarsi, grazie allo sbattimento gratuito di centinaia di volontari.<\/p>\n<p>Venerd\u00ec scorso, esasperata, Paola mi fa: basta, in questo Paese e con questo sistema mediatico, l\u2019unico modo per finire sui giornali \u00e8 mostrare le tette o il culo. Di tette sono scarsa, domani mostro il culo.<\/p>\n<p>Pensavo che scherzasse.<\/p>\n<p>Invece l\u2019ha fatto.<\/p>\n<p>Un\u2019innocentissima <a href=\"http:\/\/www.repubblica.it\/politica\/2014\/05\/04\/foto\/lista_tsipras_paola_bacchiddu-85237028\/1\/?ref=HRESS-1#1\">foto<\/a> delle vacanze, s\u2019intende, ma l\u2019ha fatto.<\/p>\n<p>Ha fatto bene? Ha fatto male?<\/p>\n<p>Non so, decidete voi. Purch\u00e9 sia chiaro il contesto.<\/p>\n<p>Purch\u00e9 sia chiaro cio\u00e8 che la sua \u00e8 stata una consapevole, deliberata e incazzata decisione: determinata dall\u2019esasperazione di non vedere alcun frutto del lavoro faticosissimo che stava facendo, andando a sbattere ogni giorno contro il muro di silenzio dei media.<\/p>\n<p>E purch\u00e9 si veda quel ch\u2019\u00e8 successo dopo, e cio\u00e8 che con una foto delle vacanze \u2013 una banalissima foto delle vacanze \u2013 Paola \u00e8 riuscita a ottenere molto pi\u00f9 spazio di quanto aveva conquistato pubblicando centinaia di notizie, analisi, video, infografiche e interviste sull\u2019austerit\u00e0, sul fiscal compact, sull\u2019aumento della forbice sociale, sul programma della lista Tsipras e sulle idee di Barbara Spinelli.<\/p>\n<p>Nei media italiani, ancora nel 2014 e dopo tutto quello che si \u00e8 detto e fatto per andare un po\u2019 avanti, continua a essere infinitamente pi\u00f9 potente un culo.<\/p>\n<p>Forse, viene da dire, perch\u00e9 sono i media a essere fatti col medesimo.<\/p><\/blockquote>\n","protected":false},"excerpt":{"rendered":"<p>In questi giorni in cui in questo ameno paese che si chiama Italia continuano a succedere cose incredibili per un paese normale,\u00a0 gruppi di personaggi che non hanno nulla da fare di meglio si sono accapigliati per una ironica esposizione dei muscoli glutei finalizzata a dimostrare il circolo vizioso della comunicazione italiana. I fatti sono &#8230; <a title=\"Il problema non \u00e8 il culo ma l&#8217;Italia, meglio l&#8217;informazione fatta con il culo\" class=\"read-more\" href=\"https:\/\/www.pasteris.it\/blog\/2014\/05\/06\/problema-non-culo-litalia-linformazione-fatta-culo\/\" aria-label=\"Per saperne di pi\u00f9 su Il problema non \u00e8 il culo ma l&#8217;Italia, meglio l&#8217;informazione fatta con il culo\">Leggi tutto<\/a><\/p>\n","protected":false},"author":3,"featured_media":0,"comment_status":"open","ping_status":"open","sticky":false,"template":"","format":"standard","meta":{"footnotes":""},"categories":[1,30,32],"tags":[176,61],"class_list":["post-31245","post","type-post","status-publish","format-standard","hentry","category-politica","category-media","category-pensieri","tag-informazione","tag-italia"],"_links":{"self":[{"href":"https:\/\/www.pasteris.it\/blog\/wp-json\/wp\/v2\/posts\/31245","targetHints":{"allow":["GET"]}}],"collection":[{"href":"https:\/\/www.pasteris.it\/blog\/wp-json\/wp\/v2\/posts"}],"about":[{"href":"https:\/\/www.pasteris.it\/blog\/wp-json\/wp\/v2\/types\/post"}],"author":[{"embeddable":true,"href":"https:\/\/www.pasteris.it\/blog\/wp-json\/wp\/v2\/users\/3"}],"replies":[{"embeddable":true,"href":"https:\/\/www.pasteris.it\/blog\/wp-json\/wp\/v2\/comments?post=31245"}],"version-history":[{"count":6,"href":"https:\/\/www.pasteris.it\/blog\/wp-json\/wp\/v2\/posts\/31245\/revisions"}],"predecessor-version":[{"id":31252,"href":"https:\/\/www.pasteris.it\/blog\/wp-json\/wp\/v2\/posts\/31245\/revisions\/31252"}],"wp:attachment":[{"href":"https:\/\/www.pasteris.it\/blog\/wp-json\/wp\/v2\/media?parent=31245"}],"wp:term":[{"taxonomy":"category","embeddable":true,"href":"https:\/\/www.pasteris.it\/blog\/wp-json\/wp\/v2\/categories?post=31245"},{"taxonomy":"post_tag","embeddable":true,"href":"https:\/\/www.pasteris.it\/blog\/wp-json\/wp\/v2\/tags?post=31245"}],"curies":[{"name":"wp","href":"https:\/\/api.w.org\/{rel}","templated":true}]}}