{"id":31355,"date":"2014-08-01T15:59:41","date_gmt":"2014-08-01T13:59:41","guid":{"rendered":"http:\/\/www.pasteris.it\/blog\/?p=31355"},"modified":"2014-08-01T15:59:41","modified_gmt":"2014-08-01T13:59:41","slug":"presi-per-pil-dogma-crescita-economica-riveduto-corretto","status":"publish","type":"post","link":"https:\/\/www.pasteris.it\/blog\/2014\/08\/01\/presi-per-pil-dogma-crescita-economica-riveduto-corretto\/","title":{"rendered":"Presi per il Pil, il dogma della crescita economica riveduto e corretto"},"content":{"rendered":"<p><img loading=\"lazy\" decoding=\"async\" class=\"alignright\" src=\"http:\/\/www.greenme.it\/images\/easyblog_images\/11652\/b2ap3_thumbnail_Logo-POST_20140702-131240_1.JPG\" alt=\"\" width=\"325\" height=\"195\" \/><a href=\"http:\/\/www.presiperilpil.org\" target=\"_blank\">Un documentario <\/a>che racconta delle esperienze per dimostrare che nel mondo di oggi e domani il PIL e un dogma inutile<\/p>\n<blockquote><p>Il dogma del PIL domina in modo assoluto sui media, in politica, nell\u2019opinione pubblica. Sviluppo uguale crescita. E la crescita non pu\u00f2 che essere l\u2019aumento del Prodotto Interno Lordo. Ma sono in tanti a non essere d\u2019accordo. Non solo economisti, studiosi e opinion-maker che nel film spiegano in modo semplice come il PIL abbia colonizzato il discorso politico ed economico, ma anche tante persone comuni che tentano nella loro vita quotidiana di liberarsi da questo assunto ideologico, adottando pratiche alternative. Persone che hanno scelto di vivere senza pi\u00f9 inseguire il mito della crescita infinita imposto dal sistema. Che hanno scelto, ognuno nel suo ambito e a suo modo, di mettere in pratica nel quotidiano la teoria della decrescita. Questo film \u00e8 un viaggio lungo l\u2019Italia alla scoperta di alcune di queste storie.<\/p>\n<p><!--more--><\/p>\n<p>Quella degli abitanti di Pescomaggiore, un piccolo paese vicino a L\u2019Aquila, che con l\u2019aiuto di tanti volontari da altre parti d\u2019Italia e dall\u2019estero costruisco da zero un eco-villaggio seguendo i metodi della bioedilizia. Quella di Marta e Giorgio, che hanno deciso di vivere e lavorare con i loro figli in Valle Maira, alle porte di Cuneo, allevando capre e producendo formaggi. C\u2019\u00e8 la storia di Roberto, altro coraggioso \u201cdecrescista\u201d che, dopo essersi dimesso da avvocato, ha optato per un part-time e con la sua famiglia \u00e8 tornato al proprio paese d\u2019origine, in provincia di Cagliari, dove si autoproduce la maggior parte di ci\u00f2 che a lui, sua moglie e suo figlio serve per vivere. E infine quella del circolo torinese del Movimento per la Decrescita Felice, che con le sue numerose attivit\u00e0 non solo sensibilizza sempre pi\u00f9 persone verso certe tematiche, ma dimostra che \u00e8 possibile vivere la decrescita anche se si vive in una grande citt\u00e0. Quattro storie sorprendenti ed emblematiche che ci aiuteranno a capire meglio cosa siano in pratica questa famigerata \u201cdecrescita\u201d e il desiderio di liberarsi dal dogma del PIL, e cominciare a immaginare un mondo pi\u00f9 giusto, iniziando dalle nostre vite.<\/p><\/blockquote>\n<p>&nbsp;<\/p>\n","protected":false},"excerpt":{"rendered":"<p>Un documentario che racconta delle esperienze per dimostrare che nel mondo di oggi e domani il PIL e un dogma inutile Il dogma del PIL domina in modo assoluto sui media, in politica, nell\u2019opinione pubblica. Sviluppo uguale crescita. E la crescita non pu\u00f2 che essere l\u2019aumento del Prodotto Interno Lordo. Ma sono in tanti a &#8230; <a title=\"Presi per il Pil, il dogma della crescita economica riveduto e corretto\" class=\"read-more\" href=\"https:\/\/www.pasteris.it\/blog\/2014\/08\/01\/presi-per-pil-dogma-crescita-economica-riveduto-corretto\/\" aria-label=\"Per saperne di pi\u00f9 su Presi per il Pil, il dogma della crescita economica riveduto e corretto\">Leggi tutto<\/a><\/p>\n","protected":false},"author":3,"featured_media":0,"comment_status":"open","ping_status":"open","sticky":false,"template":"","format":"standard","meta":{"footnotes":""},"categories":[49,17,32],"tags":[2172,2119,2120],"class_list":["post-31355","post","type-post","status-publish","format-standard","hentry","category-ambiente","category-economia","category-pensieri","tag-ambiente","tag-decrescita-felice","tag-pil"],"_links":{"self":[{"href":"https:\/\/www.pasteris.it\/blog\/wp-json\/wp\/v2\/posts\/31355","targetHints":{"allow":["GET"]}}],"collection":[{"href":"https:\/\/www.pasteris.it\/blog\/wp-json\/wp\/v2\/posts"}],"about":[{"href":"https:\/\/www.pasteris.it\/blog\/wp-json\/wp\/v2\/types\/post"}],"author":[{"embeddable":true,"href":"https:\/\/www.pasteris.it\/blog\/wp-json\/wp\/v2\/users\/3"}],"replies":[{"embeddable":true,"href":"https:\/\/www.pasteris.it\/blog\/wp-json\/wp\/v2\/comments?post=31355"}],"version-history":[{"count":1,"href":"https:\/\/www.pasteris.it\/blog\/wp-json\/wp\/v2\/posts\/31355\/revisions"}],"predecessor-version":[{"id":31356,"href":"https:\/\/www.pasteris.it\/blog\/wp-json\/wp\/v2\/posts\/31355\/revisions\/31356"}],"wp:attachment":[{"href":"https:\/\/www.pasteris.it\/blog\/wp-json\/wp\/v2\/media?parent=31355"}],"wp:term":[{"taxonomy":"category","embeddable":true,"href":"https:\/\/www.pasteris.it\/blog\/wp-json\/wp\/v2\/categories?post=31355"},{"taxonomy":"post_tag","embeddable":true,"href":"https:\/\/www.pasteris.it\/blog\/wp-json\/wp\/v2\/tags?post=31355"}],"curies":[{"name":"wp","href":"https:\/\/api.w.org\/{rel}","templated":true}]}}