{"id":3136,"date":"2008-02-28T20:16:57","date_gmt":"2008-02-28T18:16:57","guid":{"rendered":"http:\/\/www.pasteris.it\/blog\/2008\/02\/28\/il-vespa-in-rete\/"},"modified":"2008-02-28T22:21:43","modified_gmt":"2008-02-28T20:21:43","slug":"il-vespa-in-rete","status":"publish","type":"post","link":"https:\/\/www.pasteris.it\/blog\/2008\/02\/28\/il-vespa-in-rete\/","title":{"rendered":"Il Vespa in rete"},"content":{"rendered":"<p>Parlare male della non coltura di Bruno Vespa rispetto a Internet, comune a molti giornalisti altolocati, \u00e8 sparare sulla Croce Rossa, ma visto che <a href=\"http:\/\/blog.quintarelli.it\/blog\/2008\/02\/lettera-aperta.html\">Stefano Quintarelli gli ha scritto una bella lettera<\/a>, \u00e8 importante citarne dei passi e soprattuto sottoscriverne moralmente i contenuti.<br \/>\nPeccato solamente che pare che la lettera sia firmata formalmente da un ristretto numero di persone &#8230;<br \/>\nManca il blogger &#8220;Pautasso&#8221;  :-)<\/p>\n<blockquote><p><span style=\"color: #000000\">Ci sembra che demonizzare i blog e il social networking, che sono fondamentalmente espressione di libert\u00e0, di democrazia e di socializzazione, sia negativo e antistorico. Ancora peggio \u00e8 criminalizzare i blog &#8211; come cercano talora di fare i paesi autoritari per giustificare le loro censure &#8211; solo perch\u00e8 alcuni &#8211; giovani o no &#8211; lo usano male. Ci sembra che la trasmissione da lei curata del 21 febbraio 2008, peraltro dedicata ad un altro tema, abbia purtroppo (crediamo involontariamente) generato un sospetto generalizzato verso i blog e il social networking, se non addirittura verso la comunicazione via Internet. Sarebbe, a nostro parere, un errore grave analogo a quello di alcuni intellettuali aristocratici che, tanto tempo fa, condannavano in blocco la televisione perch\u00e8 &#8230; fa male ai bambini e toglie anche del tempo prezioso agli adulti per leggere libri e giornali&#8230;<\/span><\/p>\n<p><!--more--><span style=\"color: #000000\"><br \/>\n&#8230;<br \/>\nLa Commissaria UE Viviane Reding ha piu&#8217; volte ricordato che ben il 50% della crescita del PIL europeo e&#8217; legata allo sviluppo delle tecnologie dell&#8217;informazione e della comunicazione (ICT), di cui Internet costituisce la spina dorsale. Anche il recente rapporto Attal\u00ec per lo sviluppo economico della Francia \u00e8 pervaso da iniziative di impulso alle tecnologie della informazione e telecomunicazione.<br \/>\nIn Italia purtroppo l&#8217;economia cresce meno dei nostri omologhi europei anche perch\u00e9 le telecomunicazioni sono nelle posizioni di coda nelle graduatorie internazionali, come del resto lo \u00e8 la televisione digitale (terrestre, via Internet e via satellite). La scarsa diffusione della banda larga \u00e8 forse l&#8217;indice pi\u00f9 significativo della nostra arretratezza nel settore decisivo delle tlc.<br \/>\n&#8230;<br \/>\nDiscutere pubblicamente dei problemi sociali che Internet inevitabilmente riflette e, fortunatamente, spesso svela al pubblico, \u00e8 importante ma va fatto mettendo nella giusta relazione gli effetti e le loro cause ed evitando considerazioni semplicistiche e condanne aprioristiche del mezzo.<\/span><span style=\"color: #000000\"><br \/>\n&#8230;<br \/>\nSecondo noi \u00e8 importante che non si criminalizzi la rete e che anzi se ne promuova l&#8217;uso e la diffusione estesa. La criminalizzazione di Internet tende a confondere  gli effetti con le cause e non permette di affrontare adeguatamente i problemi negativi &#8211; sociali o criminali  &#8211; che tutti desideriamo combattere. Una disinformazione su Internet non ne rallenter\u00e0 la diffusione presso il pubblico competente ma ne frener\u00e0 l&#8217;adozione e la conoscenza proprio nel pubblico pi\u00f9 bisognoso di informazione, spostando in l\u00e0 nel tempo l&#8217;occasione di far crescere questo Paese.<\/span><\/p>\n<p><span style=\"color: #000000\"><\/span><\/p><\/blockquote>\n","protected":false},"excerpt":{"rendered":"<p>Parlare male della non coltura di Bruno Vespa rispetto a Internet, comune a molti giornalisti altolocati, \u00e8 sparare sulla Croce Rossa, ma visto che Stefano Quintarelli gli ha scritto una bella lettera, \u00e8 importante citarne dei passi e soprattuto sottoscriverne moralmente i contenuti. Peccato solamente che pare che la lettera sia firmata formalmente da un &#8230; <a title=\"Il Vespa in rete\" class=\"read-more\" href=\"https:\/\/www.pasteris.it\/blog\/2008\/02\/28\/il-vespa-in-rete\/\" aria-label=\"Per saperne di pi\u00f9 su Il Vespa in rete\">Leggi tutto<\/a><\/p>\n","protected":false},"author":4,"featured_media":0,"comment_status":"open","ping_status":"open","sticky":false,"template":"","format":"standard","meta":{"footnotes":""},"categories":[],"tags":[405,2157,77,116,159,161,515,176,2155,61,551,548,198,298,414,332,561,542],"class_list":["post-3136","post","type-post","status-publish","format-standard","hentry","tag-bambini","tag-blog","tag-blogger","tag-digitale","tag-giornali","tag-giornalisti","tag-ict","tag-informazione","tag-internet","tag-italia","tag-legge","tag-liberta","tag-libri","tag-satellite","tag-telecomunicazioni","tag-televisione","tag-tempo","tag-tlc"],"_links":{"self":[{"href":"https:\/\/www.pasteris.it\/blog\/wp-json\/wp\/v2\/posts\/3136","targetHints":{"allow":["GET"]}}],"collection":[{"href":"https:\/\/www.pasteris.it\/blog\/wp-json\/wp\/v2\/posts"}],"about":[{"href":"https:\/\/www.pasteris.it\/blog\/wp-json\/wp\/v2\/types\/post"}],"author":[{"embeddable":true,"href":"https:\/\/www.pasteris.it\/blog\/wp-json\/wp\/v2\/users\/4"}],"replies":[{"embeddable":true,"href":"https:\/\/www.pasteris.it\/blog\/wp-json\/wp\/v2\/comments?post=3136"}],"version-history":[{"count":0,"href":"https:\/\/www.pasteris.it\/blog\/wp-json\/wp\/v2\/posts\/3136\/revisions"}],"wp:attachment":[{"href":"https:\/\/www.pasteris.it\/blog\/wp-json\/wp\/v2\/media?parent=3136"}],"wp:term":[{"taxonomy":"category","embeddable":true,"href":"https:\/\/www.pasteris.it\/blog\/wp-json\/wp\/v2\/categories?post=3136"},{"taxonomy":"post_tag","embeddable":true,"href":"https:\/\/www.pasteris.it\/blog\/wp-json\/wp\/v2\/tags?post=3136"}],"curies":[{"name":"wp","href":"https:\/\/api.w.org\/{rel}","templated":true}]}}