{"id":31397,"date":"2014-09-12T08:00:06","date_gmt":"2014-09-12T06:00:06","guid":{"rendered":"http:\/\/www.pasteris.it\/blog\/?p=31397"},"modified":"2014-09-12T03:13:55","modified_gmt":"2014-09-12T01:13:55","slug":"venerdi-12-settembre-lincontro-delle-testate-online-toscane-museo-piaggio-pontedera","status":"publish","type":"post","link":"https:\/\/www.pasteris.it\/blog\/2014\/09\/12\/venerdi-12-settembre-lincontro-delle-testate-online-toscane-museo-piaggio-pontedera\/","title":{"rendered":"Venerd\u00ec 12 settembre l&#8217;incontro  delle Testate OnLine Toscane al Museo Piaggio di Pontedera"},"content":{"rendered":"<p>Venerd\u00ec 12 settembre l&#8217;incontro\u00a0 delle Testate OnLine Toscane al Museo Piaggio di Pontedera a partire dalle ore 9:00 con redattori, direttori ed editori dei giornali locali del web. Dopo il saluto del Sindaco di Pontedera, Simone Millozzi, la mattinata si aprir\u00e0 alla presenza degli Assessori regionali Sara Nocentini (Cultura e Turismo) e Vittorio Bugli (Sistemi informativi e sviluppo della societ\u00e0 dell&#8217;informazione) che illustreranno in anteprima i bandi della Regione Toscana per l&#8217;editoria. L&#8217;incontro proseguir\u00e0 con un dibattito che offrir\u00e0 a tutti i partecipanti l&#8217;opportunit\u00e0 di raccontare la propria esperienza, condividere i problemi, avanzare proposte. Hanno confermato la propria presenza Michele Taddei, Vicepresidente dell&#8217;Ordine dei Giornalisti della Toscana, Paolo Ciampi, Presidente dell&#8217;Associazione Stampa Toscana, Saverio Zeni, coordinatore regionale dell&#8217;ANSO.<!--more--><\/p>\n<p>Quanti sono i giornali on line in Toscana? Quante persone impiegano? E che indotto economico riescono a sviluppare? A queste domande prover\u00e0 a dare una risposta l&#8217;assemblea di venerd\u00ec 12 settembre 2014, autoconvocata dalla redazioni di alcuni giornali on line toscani, dalle ore 9:00 alle 13:00, all&#8217;auditorium della Fondazione Museo Piaggio (viale Rinaldo Piaggio 7, a 100 metri dalla Stazione Ferroviaria di Pontedera).<\/p>\n","protected":false},"excerpt":{"rendered":"<p>Venerd\u00ec 12 settembre l&#8217;incontro\u00a0 delle Testate OnLine Toscane al Museo Piaggio di Pontedera a partire dalle ore 9:00 con redattori, direttori ed editori dei giornali locali del web. Dopo il saluto del Sindaco di Pontedera, Simone Millozzi, la mattinata si aprir\u00e0 alla presenza degli Assessori regionali Sara Nocentini (Cultura e Turismo) e Vittorio Bugli (Sistemi &#8230; <a title=\"Venerd\u00ec 12 settembre l&#8217;incontro  delle Testate OnLine Toscane al Museo Piaggio di Pontedera\" class=\"read-more\" href=\"https:\/\/www.pasteris.it\/blog\/2014\/09\/12\/venerdi-12-settembre-lincontro-delle-testate-online-toscane-museo-piaggio-pontedera\/\" aria-label=\"Per saperne di pi\u00f9 su Venerd\u00ec 12 settembre l&#8217;incontro  delle Testate OnLine Toscane al Museo Piaggio di Pontedera\">Leggi tutto<\/a><\/p>\n","protected":false},"author":3,"featured_media":0,"comment_status":"open","ping_status":"open","sticky":false,"template":"","format":"standard","meta":{"footnotes":""},"categories":[1,30,424],"tags":[2065,1472],"class_list":["post-31397","post","type-post","status-publish","format-standard","hentry","category-politica","category-media","category-personale","tag-giornali-online","tag-toscana"],"_links":{"self":[{"href":"https:\/\/www.pasteris.it\/blog\/wp-json\/wp\/v2\/posts\/31397","targetHints":{"allow":["GET"]}}],"collection":[{"href":"https:\/\/www.pasteris.it\/blog\/wp-json\/wp\/v2\/posts"}],"about":[{"href":"https:\/\/www.pasteris.it\/blog\/wp-json\/wp\/v2\/types\/post"}],"author":[{"embeddable":true,"href":"https:\/\/www.pasteris.it\/blog\/wp-json\/wp\/v2\/users\/3"}],"replies":[{"embeddable":true,"href":"https:\/\/www.pasteris.it\/blog\/wp-json\/wp\/v2\/comments?post=31397"}],"version-history":[{"count":2,"href":"https:\/\/www.pasteris.it\/blog\/wp-json\/wp\/v2\/posts\/31397\/revisions"}],"predecessor-version":[{"id":31399,"href":"https:\/\/www.pasteris.it\/blog\/wp-json\/wp\/v2\/posts\/31397\/revisions\/31399"}],"wp:attachment":[{"href":"https:\/\/www.pasteris.it\/blog\/wp-json\/wp\/v2\/media?parent=31397"}],"wp:term":[{"taxonomy":"category","embeddable":true,"href":"https:\/\/www.pasteris.it\/blog\/wp-json\/wp\/v2\/categories?post=31397"},{"taxonomy":"post_tag","embeddable":true,"href":"https:\/\/www.pasteris.it\/blog\/wp-json\/wp\/v2\/tags?post=31397"}],"curies":[{"name":"wp","href":"https:\/\/api.w.org\/{rel}","templated":true}]}}