{"id":31467,"date":"2014-10-21T10:16:43","date_gmt":"2014-10-21T08:16:43","guid":{"rendered":"http:\/\/www.pasteris.it\/blog\/?p=31467"},"modified":"2014-10-21T07:17:10","modified_gmt":"2014-10-21T05:17:10","slug":"linnovazione-perduta","status":"publish","type":"post","link":"https:\/\/www.pasteris.it\/blog\/2014\/10\/21\/linnovazione-perduta\/","title":{"rendered":"L&#8217;innovazione perduta"},"content":{"rendered":"<p><a href=\"http:\/\/www.lescienze.it\/archivio\/articoli\/2014\/10\/02\/news\/l_innovazione_perduta-2312223\/\" target=\"_blank\">Un bellissimo articolo delle Scienze<\/a> scritto da <a href=\"http:\/\/it.wikipedia.org\/wiki\/Antonio_Pascale\" target=\"_blank\">Antonio Pascale<\/a><\/p>\n<blockquote><p>Da decenni ormai in Italia innovazione e ricerca non sono a livelli adeguati per un paese che vuole e deve competere sulla scena globale, pena il declino, a causa di scelte sbagliate dei vari attori in causa. Una storia paradigmatica \u00e8 quella della Olivetti. Attiva fin dagli inizi del Novecento, oltre a sviluppare macchine per scrittura e calcolo automatico durante tutta la sua attivit\u00e0, verso la met\u00e0 degli anni sessanta la Olivetti produsse il primo modello di personal computer. Nello stesso periodo per\u00f2 l\u2019azienda viveva uno stato di crisi economica in seguito al quale attori coinvolti a vario titolo presero decisioni che non considerarono nel giusto modo il potenziale innovativo del modello di PC e pi\u00f9 in generale il nascente mondo dell\u2019elettronica.<\/p><\/blockquote>\n<p><iframe loading=\"lazy\" style=\"border: 1px solid #CCC; border-width: 1px; margin-bottom: 5px; max-width: 100%;\" src=\"\/\/www.slideshare.net\/slideshow\/embed_code\/40514129\" width=\"477\" height=\"510\" frameborder=\"0\" marginwidth=\"0\" marginheight=\"0\" scrolling=\"no\" allowfullscreen=\"allowfullscreen\"> <\/iframe><\/p>\n<div style=\"margin-bottom: 5px;\"><strong> <a title=\"L'innovazione perduta\" href=\"\/\/www.slideshare.net\/vittorio.pasteris\/le-scienze-ottobre-2014\" target=\"_blank\">L&#8217;innovazione perduta<\/a> <\/strong> from <strong><a href=\"\/\/www.slideshare.net\/vittorio.pasteris\" target=\"_blank\">Vittorio Pasteris<\/a><\/strong><\/div>\n","protected":false},"excerpt":{"rendered":"<p>Un bellissimo articolo delle Scienze scritto da Antonio Pascale Da decenni ormai in Italia innovazione e ricerca non sono a livelli adeguati per un paese che vuole e deve competere sulla scena globale, pena il declino, a causa di scelte sbagliate dei vari attori in causa. Una storia paradigmatica \u00e8 quella della Olivetti. Attiva fin &#8230; <a title=\"L&#8217;innovazione perduta\" class=\"read-more\" href=\"https:\/\/www.pasteris.it\/blog\/2014\/10\/21\/linnovazione-perduta\/\" aria-label=\"Per saperne di pi\u00f9 su L&#8217;innovazione perduta\">Leggi tutto<\/a><\/p>\n","protected":false},"author":3,"featured_media":0,"comment_status":"open","ping_status":"open","sticky":false,"template":"","format":"standard","meta":{"footnotes":""},"categories":[17,1,18,19],"tags":[178,189,250],"class_list":["post-31467","post","type-post","status-publish","format-standard","hentry","category-economia","category-politica","category-scienza","category-tecnologia","tag-innovazione","tag-ivrea","tag-olivetti"],"_links":{"self":[{"href":"https:\/\/www.pasteris.it\/blog\/wp-json\/wp\/v2\/posts\/31467","targetHints":{"allow":["GET"]}}],"collection":[{"href":"https:\/\/www.pasteris.it\/blog\/wp-json\/wp\/v2\/posts"}],"about":[{"href":"https:\/\/www.pasteris.it\/blog\/wp-json\/wp\/v2\/types\/post"}],"author":[{"embeddable":true,"href":"https:\/\/www.pasteris.it\/blog\/wp-json\/wp\/v2\/users\/3"}],"replies":[{"embeddable":true,"href":"https:\/\/www.pasteris.it\/blog\/wp-json\/wp\/v2\/comments?post=31467"}],"version-history":[{"count":1,"href":"https:\/\/www.pasteris.it\/blog\/wp-json\/wp\/v2\/posts\/31467\/revisions"}],"predecessor-version":[{"id":31468,"href":"https:\/\/www.pasteris.it\/blog\/wp-json\/wp\/v2\/posts\/31467\/revisions\/31468"}],"wp:attachment":[{"href":"https:\/\/www.pasteris.it\/blog\/wp-json\/wp\/v2\/media?parent=31467"}],"wp:term":[{"taxonomy":"category","embeddable":true,"href":"https:\/\/www.pasteris.it\/blog\/wp-json\/wp\/v2\/categories?post=31467"},{"taxonomy":"post_tag","embeddable":true,"href":"https:\/\/www.pasteris.it\/blog\/wp-json\/wp\/v2\/tags?post=31467"}],"curies":[{"name":"wp","href":"https:\/\/api.w.org\/{rel}","templated":true}]}}