{"id":31477,"date":"2014-10-26T20:21:32","date_gmt":"2014-10-26T18:21:32","guid":{"rendered":"http:\/\/www.pasteris.it\/blog\/?p=31477"},"modified":"2014-10-26T20:32:34","modified_gmt":"2014-10-26T18:32:34","slug":"internazionale-tenta-strada-quotidiano-online","status":"publish","type":"post","link":"https:\/\/www.pasteris.it\/blog\/2014\/10\/26\/internazionale-tenta-strada-quotidiano-online\/","title":{"rendered":"Internazionale tenta la strada del quotidiano online"},"content":{"rendered":"<p><a href=\"http:\/\/www.pasteris.it\/blog\/wp-content\/uploads\/2014\/10\/internazionale.jpg\"><img loading=\"lazy\" decoding=\"async\" class=\"size-full wp-image-31478 alignright\" src=\"http:\/\/www.pasteris.it\/blog\/wp-content\/uploads\/2014\/10\/internazionale.jpg\" alt=\"internazionale\" width=\"216\" height=\"72\" \/><\/a>Sta per uscire il nuovo sito di Internazionale, un vero quotidiano online. il direttore di Internazionale Giovanni De Mauro presenta il progetto<\/p>\n<blockquote><p>Ci sono voluti vent&#8217;anni, ma alla fine ce l&#8217;abbiamo fatta. Sar\u00e0 il quotidiano di Internazionale. Sul web l&#8217;informazione in tempo reale, sulla carta, come sempre, l&#8217;approfondimento. \u00c8 solo l&#8217;inizio di un progetto pi\u00f9 ampio e lungo. Ci lavoriamo da due anni. Internazionale \u00e8 stato uno dei primi giornali italiani ad andare online, nel dicembre del 1994. Ma non avevamo mai davvero capito quale potesse essere il ruolo del nostro sito. Semplice vetrina del settimanale? Luogo d&#8217;incontro per lettrici e lettori? Spazio di approfondimento? Niente ci convinceva fino in fondo. Finch\u00e9 ci siamo resi conto che in Germania i principali siti d&#8217;informazione non sono quelli dei quotidiani, ma quelli di due settimanali, Die Zeit e Der Spiegel. Abbiamo capito che niente impedisce ai newsmagazine di offrire sul web notizie in tempo reale. Cos\u00ec abbiamo deciso di fare un sito d&#8217;informazione.<\/p>\n<p><!--more--><\/p>\n<p>Volevamo che fosse il pi\u00f9 possibile simile al giornale che avete tra le mani, per questo abbiamo chiamato Mark Porter, che cinque anni fa ha ridisegnato il settimanale. Per noi \u00e8 un passo importante, e il primo segno tangibile \u00e8 la nuova testata. Dopo ventun anni lasciamo la curva, felice intuizione di Giovanni Lussu e Daniele Turchi, frutto di un&#8217;epoca in cui internet non esisteva, per far posto a una versione della testata che si adatta pi\u00f9 facilmente a tutti i supporti. L&#8217;ha progettata Kai Bernau, lo stesso designer che ha progettato il carattere del giornale, il Lyon. Vorremmo che sul sito e nel settimanale si ritrovasse lo stesso spirito, la stessa attenzione ai dettagli, la stessa cura giornalistica. Pensando soprattutto a smartphone e tablet, con cui gi\u00e0 oggi ci legge pi\u00f9 del 50 per cento dei lettori online. Infine abbiamo cercato di diferenziarci radicalmente dagli altri, non perch\u00e9 il nuovo sia un valore in s\u00e9, ma perch\u00e9 crediamo che sia possibile cambiare, e possibilmente migliorare, il modo in cui ci si informa. Ci saranno notizie, foto, video, opinioni, inchieste. Ci sar\u00e0 tutto il mondo, compresa l&#8217;Italia. Ci saranno contenuti e sezioni che via via si aggiungeranno. La settimana prossima sar\u00e0 online e vorremmo andare avanti insieme a voi.<\/p><\/blockquote>\n","protected":false},"excerpt":{"rendered":"<p>Sta per uscire il nuovo sito di Internazionale, un vero quotidiano online. il direttore di Internazionale Giovanni De Mauro presenta il progetto Ci sono voluti vent&#8217;anni, ma alla fine ce l&#8217;abbiamo fatta. Sar\u00e0 il quotidiano di Internazionale. Sul web l&#8217;informazione in tempo reale, sulla carta, come sempre, l&#8217;approfondimento. \u00c8 solo l&#8217;inizio di un progetto pi\u00f9 &#8230; <a title=\"Internazionale tenta la strada del quotidiano online\" class=\"read-more\" href=\"https:\/\/www.pasteris.it\/blog\/2014\/10\/26\/internazionale-tenta-strada-quotidiano-online\/\" aria-label=\"Per saperne di pi\u00f9 su Internazionale tenta la strada del quotidiano online\">Leggi tutto<\/a><\/p>\n","protected":false},"author":3,"featured_media":0,"comment_status":"open","ping_status":"open","sticky":false,"template":"","format":"standard","meta":{"footnotes":""},"categories":[17,6,30],"tags":[159,2065,764],"class_list":["post-31477","post","type-post","status-publish","format-standard","hentry","category-economia","category-internet","category-media","tag-giornali","tag-giornali-online","tag-internazionale"],"_links":{"self":[{"href":"https:\/\/www.pasteris.it\/blog\/wp-json\/wp\/v2\/posts\/31477","targetHints":{"allow":["GET"]}}],"collection":[{"href":"https:\/\/www.pasteris.it\/blog\/wp-json\/wp\/v2\/posts"}],"about":[{"href":"https:\/\/www.pasteris.it\/blog\/wp-json\/wp\/v2\/types\/post"}],"author":[{"embeddable":true,"href":"https:\/\/www.pasteris.it\/blog\/wp-json\/wp\/v2\/users\/3"}],"replies":[{"embeddable":true,"href":"https:\/\/www.pasteris.it\/blog\/wp-json\/wp\/v2\/comments?post=31477"}],"version-history":[{"count":1,"href":"https:\/\/www.pasteris.it\/blog\/wp-json\/wp\/v2\/posts\/31477\/revisions"}],"predecessor-version":[{"id":31479,"href":"https:\/\/www.pasteris.it\/blog\/wp-json\/wp\/v2\/posts\/31477\/revisions\/31479"}],"wp:attachment":[{"href":"https:\/\/www.pasteris.it\/blog\/wp-json\/wp\/v2\/media?parent=31477"}],"wp:term":[{"taxonomy":"category","embeddable":true,"href":"https:\/\/www.pasteris.it\/blog\/wp-json\/wp\/v2\/categories?post=31477"},{"taxonomy":"post_tag","embeddable":true,"href":"https:\/\/www.pasteris.it\/blog\/wp-json\/wp\/v2\/tags?post=31477"}],"curies":[{"name":"wp","href":"https:\/\/api.w.org\/{rel}","templated":true}]}}