{"id":31524,"date":"2014-12-07T13:00:01","date_gmt":"2014-12-07T11:00:01","guid":{"rendered":"http:\/\/www.pasteris.it\/blog\/?p=31524"},"modified":"2014-12-07T13:00:01","modified_gmt":"2014-12-07T11:00:01","slug":"difendersi-da-internet-ovvero-una-guida-un-uso-consapevole-giuridicamente-corretto-della-rete","status":"publish","type":"post","link":"https:\/\/www.pasteris.it\/blog\/2014\/12\/07\/difendersi-da-internet-ovvero-una-guida-un-uso-consapevole-giuridicamente-corretto-della-rete\/","title":{"rendered":"Difendersi da internet ovvero una guida a un uso consapevole giuridicamente corretto della Rete"},"content":{"rendered":"<p><a href=\"http:\/\/www.pasteris.it\/blog\/wp-content\/uploads\/2014\/12\/internet.jpg\"><img loading=\"lazy\" decoding=\"async\" class=\"size-full wp-image-31525 alignright\" src=\"http:\/\/www.pasteris.it\/blog\/wp-content\/uploads\/2014\/12\/internet.jpg\" alt=\"internet\" width=\"259\" height=\"195\" \/><\/a>Fra un po&#8217; di giorni il 17 dicembre con il Sole 24 Ore esce in edicola<em> Difendersi da internet dalla privacy al diritto all\u2019oblio: i nuovi scenari della responsabilit\u00e0 nella rete<\/em> scritto dalla bravissima collega toscana <a href=\"http:\/\/www.deborahbianchi.it\/\" target=\"_blank\">Deborah Bianchi <\/a>avvocato pistoiese &#8211; fiorentino. Il volume esamina\u00a0 i lineamenti della pi\u00f9 recente giurisprudenza italiana e internazionale sui nuovi scenari di responsabilit\u00e0 nell\u2019Internet: digital divide, identit\u00e0 sociale nei social network e nei motori di ricerca, impresa e brand reputation, lavoro e privacy, P.A. digitale.<\/p>\n<blockquote><p>Mai come in questo momento il tema dei nuovi Bill of Rights, delle \u201cCarte sui diritti Internet\u201d, risulta necessario per riportare democrazia nel mondo in cui gli hackers di ieri sono diventati i capitalisti di oggi. Il diritto di accesso al web \u00e8 il diritto di essere inclusi nella Rete e di poter viaggiare tra nuvole informatiche e autostrade digitali. Ma esiste un pedaggio: i propri dati sensibili e la propria privacy. La \u201cRete padrona\u201d come dice Federico Rampini sta pilotando il web, nato quale struttura acefala e democratica, nelle serrate logiche economiche di pochi grandi provider.Solo l\u2019azione della responsabilit\u00e0 civile pu\u00f2 concretizzare i valori costituzionali nelle piattaforme digitali. Il danno nel web configura anche nella societ\u00e0 reale delle responsabilit\u00e0 per inadempimento contrattuale ed extracontrattuale (con la sentenza del maggio 2014 della Corte di Giustizia Ue che segna uno spartiacque per la responsabilit\u00e0 nell\u2019Internet).<\/p><\/blockquote>\n","protected":false},"excerpt":{"rendered":"<p>Fra un po&#8217; di giorni il 17 dicembre con il Sole 24 Ore esce in edicola Difendersi da internet dalla privacy al diritto all\u2019oblio: i nuovi scenari della responsabilit\u00e0 nella rete scritto dalla bravissima collega toscana Deborah Bianchi avvocato pistoiese &#8211; fiorentino. Il volume esamina\u00a0 i lineamenti della pi\u00f9 recente giurisprudenza italiana e internazionale sui &#8230; <a title=\"Difendersi da internet ovvero una guida a un uso consapevole giuridicamente corretto della Rete\" class=\"read-more\" href=\"https:\/\/www.pasteris.it\/blog\/2014\/12\/07\/difendersi-da-internet-ovvero-una-guida-un-uso-consapevole-giuridicamente-corretto-della-rete\/\" aria-label=\"Per saperne di pi\u00f9 su Difendersi da internet ovvero una guida a un uso consapevole giuridicamente corretto della Rete\">Leggi tutto<\/a><\/p>\n","protected":false},"author":3,"featured_media":0,"comment_status":"open","ping_status":"open","sticky":false,"template":"","format":"standard","meta":{"footnotes":""},"categories":[1,30],"tags":[656,1787,2155],"class_list":["post-31524","post","type-post","status-publish","format-standard","hentry","category-politica","category-media","tag-diritto","tag-il-sole-24-ore","tag-internet"],"_links":{"self":[{"href":"https:\/\/www.pasteris.it\/blog\/wp-json\/wp\/v2\/posts\/31524","targetHints":{"allow":["GET"]}}],"collection":[{"href":"https:\/\/www.pasteris.it\/blog\/wp-json\/wp\/v2\/posts"}],"about":[{"href":"https:\/\/www.pasteris.it\/blog\/wp-json\/wp\/v2\/types\/post"}],"author":[{"embeddable":true,"href":"https:\/\/www.pasteris.it\/blog\/wp-json\/wp\/v2\/users\/3"}],"replies":[{"embeddable":true,"href":"https:\/\/www.pasteris.it\/blog\/wp-json\/wp\/v2\/comments?post=31524"}],"version-history":[{"count":1,"href":"https:\/\/www.pasteris.it\/blog\/wp-json\/wp\/v2\/posts\/31524\/revisions"}],"predecessor-version":[{"id":31526,"href":"https:\/\/www.pasteris.it\/blog\/wp-json\/wp\/v2\/posts\/31524\/revisions\/31526"}],"wp:attachment":[{"href":"https:\/\/www.pasteris.it\/blog\/wp-json\/wp\/v2\/media?parent=31524"}],"wp:term":[{"taxonomy":"category","embeddable":true,"href":"https:\/\/www.pasteris.it\/blog\/wp-json\/wp\/v2\/categories?post=31524"},{"taxonomy":"post_tag","embeddable":true,"href":"https:\/\/www.pasteris.it\/blog\/wp-json\/wp\/v2\/tags?post=31524"}],"curies":[{"name":"wp","href":"https:\/\/api.w.org\/{rel}","templated":true}]}}