{"id":3275,"date":"2008-03-21T19:15:44","date_gmt":"2008-03-21T17:15:44","guid":{"rendered":"http:\/\/www.pasteris.it\/blog\/2008\/03\/21\/neurona-si-fonde-con-xing\/"},"modified":"2008-03-21T19:15:44","modified_gmt":"2008-03-21T17:15:44","slug":"neurona-si-fonde-con-xing","status":"publish","type":"post","link":"https:\/\/www.pasteris.it\/blog\/2008\/03\/21\/neurona-si-fonde-con-xing\/","title":{"rendered":"Neurona si fonde con Xing"},"content":{"rendered":"<p><img loading=\"lazy\" decoding=\"async\" src=\"http:\/\/www.neurona.com\/templates\/es\/cobranded\/neurona\/web\/img\/marca\/home_logo.gif\" align=\"right\" height=\"69\" width=\"148\" \/>Venerd\u00ec 28 marzo 2008 Maxi fusione fra Neurona e Xing per cui tutti i contatti, messaggi e comunit\u00e0 entreranno in Xing.<br \/>\nIl passaggio di Neurona a XING \u00e8 un processo automatico, per cui gli utenti non dovranno fare nulla nel passaggio da un social network all&#8217;altro.<\/p>\n<p>Il milione di utenti di Neurona si somma ai quattro milioni di <a href=\"http:\/\/blog.xing.com\/\">Xing<\/a>.<\/p>\n<p>Per ulteriori informazioni: <a href=\"http:\/\/www.neurona.com\/xing_it\/preguntas_frecuentes.html\">una faq sulla migrazione da Neurona a Xing\u00a0<\/a><\/p>\n","protected":false},"excerpt":{"rendered":"<p>Venerd\u00ec 28 marzo 2008 Maxi fusione fra Neurona e Xing per cui tutti i contatti, messaggi e comunit\u00e0 entreranno in Xing. Il passaggio di Neurona a XING \u00e8 un processo automatico, per cui gli utenti non dovranno fare nulla nel passaggio da un social network all&#8217;altro. Il milione di utenti di Neurona si somma ai &#8230; <a title=\"Neurona si fonde con Xing\" class=\"read-more\" href=\"https:\/\/www.pasteris.it\/blog\/2008\/03\/21\/neurona-si-fonde-con-xing\/\" aria-label=\"Per saperne di pi\u00f9 su Neurona si fonde con Xing\">Leggi tutto<\/a><\/p>\n","protected":false},"author":4,"featured_media":0,"comment_status":"open","ping_status":"open","sticky":false,"template":"","format":"standard","meta":{"footnotes":""},"categories":[],"tags":[2157,363],"class_list":["post-3275","post","type-post","status-publish","format-standard","hentry","tag-blog","tag-web"],"_links":{"self":[{"href":"https:\/\/www.pasteris.it\/blog\/wp-json\/wp\/v2\/posts\/3275","targetHints":{"allow":["GET"]}}],"collection":[{"href":"https:\/\/www.pasteris.it\/blog\/wp-json\/wp\/v2\/posts"}],"about":[{"href":"https:\/\/www.pasteris.it\/blog\/wp-json\/wp\/v2\/types\/post"}],"author":[{"embeddable":true,"href":"https:\/\/www.pasteris.it\/blog\/wp-json\/wp\/v2\/users\/4"}],"replies":[{"embeddable":true,"href":"https:\/\/www.pasteris.it\/blog\/wp-json\/wp\/v2\/comments?post=3275"}],"version-history":[{"count":0,"href":"https:\/\/www.pasteris.it\/blog\/wp-json\/wp\/v2\/posts\/3275\/revisions"}],"wp:attachment":[{"href":"https:\/\/www.pasteris.it\/blog\/wp-json\/wp\/v2\/media?parent=3275"}],"wp:term":[{"taxonomy":"category","embeddable":true,"href":"https:\/\/www.pasteris.it\/blog\/wp-json\/wp\/v2\/categories?post=3275"},{"taxonomy":"post_tag","embeddable":true,"href":"https:\/\/www.pasteris.it\/blog\/wp-json\/wp\/v2\/tags?post=3275"}],"curies":[{"name":"wp","href":"https:\/\/api.w.org\/{rel}","templated":true}]}}