{"id":3295,"date":"2008-03-27T10:21:27","date_gmt":"2008-03-27T08:21:27","guid":{"rendered":"http:\/\/www.pasteris.it\/blog\/2008\/03\/27\/veltroni-in-videochat\/"},"modified":"2008-03-27T10:21:27","modified_gmt":"2008-03-27T08:21:27","slug":"veltroni-in-videochat","status":"publish","type":"post","link":"https:\/\/www.pasteris.it\/blog\/2008\/03\/27\/veltroni-in-videochat\/","title":{"rendered":"Veltroni in videochat"},"content":{"rendered":"<p>Walter Veltroni partecipa a una videochat da Catania su <a href=\"http:\/\/www.democratica.tv\">Democratica TV<\/a>  gioved\u00ec 27 marzo dalle 23.30. Si tratter\u00e0 di una vera notte bianca del web.<\/p>\n<p>Fino a gioved\u00ec sera si potranno inviare delle domande alla <a href=\"http:\/\/www.partitodemocratico.it\/\">redazione web del PD, sia come forma di contributi sul PdNetwork, raggiungibile dalla home page del PD<\/a>, sia con commenti sul blog del <a href=\"http:\/\/girodellitalianuova.ilcannocchiale.it\">Giro dell&#8217;Italia Nuova<\/a> , sia via twitter. Sar\u00e0 possibile anche interagire in diretta con Veltroni, facendo delle domande.<\/p>\n<p>La videochat, in diretta dalle 23.30, sar\u00e0 condotta da Marino Sinibaldi, autore e conduttore di Fahrenheit su Radio3, e sar\u00e0 possibile mandare anche delle videodomande, tramite la pagina &#8220;invia il tuo video&#8221; di Democratica.TV.<\/p>\n","protected":false},"excerpt":{"rendered":"<p>Walter Veltroni partecipa a una videochat da Catania su Democratica TV gioved\u00ec 27 marzo dalle 23.30. Si tratter\u00e0 di una vera notte bianca del web. Fino a gioved\u00ec sera si potranno inviare delle domande alla redazione web del PD, sia come forma di contributi sul PdNetwork, raggiungibile dalla home page del PD, sia con commenti &#8230; <a title=\"Veltroni in videochat\" class=\"read-more\" href=\"https:\/\/www.pasteris.it\/blog\/2008\/03\/27\/veltroni-in-videochat\/\" aria-label=\"Per saperne di pi\u00f9 su Veltroni in videochat\">Leggi tutto<\/a><\/p>\n","protected":false},"author":4,"featured_media":0,"comment_status":"open","ping_status":"open","sticky":false,"template":"","format":"standard","meta":{"footnotes":""},"categories":[],"tags":[415,2157,61,344,354,363],"class_list":["post-3295","post","type-post","status-publish","format-standard","hentry","tag-arte","tag-blog","tag-italia","tag-twitter","tag-video","tag-web"],"_links":{"self":[{"href":"https:\/\/www.pasteris.it\/blog\/wp-json\/wp\/v2\/posts\/3295","targetHints":{"allow":["GET"]}}],"collection":[{"href":"https:\/\/www.pasteris.it\/blog\/wp-json\/wp\/v2\/posts"}],"about":[{"href":"https:\/\/www.pasteris.it\/blog\/wp-json\/wp\/v2\/types\/post"}],"author":[{"embeddable":true,"href":"https:\/\/www.pasteris.it\/blog\/wp-json\/wp\/v2\/users\/4"}],"replies":[{"embeddable":true,"href":"https:\/\/www.pasteris.it\/blog\/wp-json\/wp\/v2\/comments?post=3295"}],"version-history":[{"count":0,"href":"https:\/\/www.pasteris.it\/blog\/wp-json\/wp\/v2\/posts\/3295\/revisions"}],"wp:attachment":[{"href":"https:\/\/www.pasteris.it\/blog\/wp-json\/wp\/v2\/media?parent=3295"}],"wp:term":[{"taxonomy":"category","embeddable":true,"href":"https:\/\/www.pasteris.it\/blog\/wp-json\/wp\/v2\/categories?post=3295"},{"taxonomy":"post_tag","embeddable":true,"href":"https:\/\/www.pasteris.it\/blog\/wp-json\/wp\/v2\/tags?post=3295"}],"curies":[{"name":"wp","href":"https:\/\/api.w.org\/{rel}","templated":true}]}}