{"id":3328,"date":"2008-04-02T09:01:14","date_gmt":"2008-04-02T07:01:14","guid":{"rendered":"http:\/\/www.pasteris.it\/blog\/2008\/04\/02\/la-pod-tv-allitaliana\/"},"modified":"2008-04-02T09:01:14","modified_gmt":"2008-04-02T07:01:14","slug":"la-pod-tv-allitaliana","status":"publish","type":"post","link":"https:\/\/www.pasteris.it\/blog\/2008\/04\/02\/la-pod-tv-allitaliana\/","title":{"rendered":"La Pod tv all&#8217;italiana"},"content":{"rendered":"<p>Via <a href=\"http:\/\/www.apogeonline.com\/webzine\/2008\/04\/01\/19\/200804011901\">Apogeonline<\/a><\/p>\n<blockquote><p>\u00c8 questione di settimane e <a href=\"http:\/\/current.com\/\" target=\"_blank\" class=\"link-esterno\">Current TV<\/a> inizier\u00e0 a trasmettere anche in Italia, con un canale localizzato in lingua italiana. Dall&#8217;8 maggio questa emittente entrer\u00e0 a far parte dell&#8217;offerta satellitare di Sky, nel pacchetto <em>Mondi e Culture<\/em>. A <a href=\"http:\/\/tommaso.tessarolo.it\/\" target=\"_blank\" class=\"link-esterno\">Tommaso Tessarolo<\/a>, gi\u00e0 impegnato nel progetto <a href=\"http:\/\/www.n3tv.it\/\" target=\"_blank\" class=\"link-esterno\">N3TV<\/a> e autore per Apogeo di <a href=\"http:\/\/www.apogeonline.com\/libri\/9788850326570\/scheda\">NetTV<\/a>, \u00e8 stato assegnato l&#8217;incarico di direttore.<\/p>\n<p class=\"titoletto\"><strong>Tommaso, che cos&#8217;\u00e8 Current TV?<\/strong><\/p>\n<p>Current \u00e8 un canale televisivo nato nel 2005 negli Stati Uniti, da un&#8217;idea di Al Gore, con l&#8217;obiettivo di democratizzare la televisione. Detto cos\u00ec potrebbe sembrare solo uno slogan, invece ci tengo a sottolineare che chi \u00e8 all&#8217;interno di Current TV vive il suo impegno quotidiano proprio con questo spirito. Current adotta un metodo ben preciso per perseguire lo scopo: porta nel proprio palinsesto anche materiale prodotto da videomaker indipendenti. Per quantificare il contributo apportato alla programmazione da parte dei contenuti VC2 (Video Creati dalla Comunit\u00e0 di videomaker indipendenti), basti pensare che attualmente in Usa e in Gran Bretagna il 30% della programmazione proviene dagli utenti. \u00c8 una televisione rivolta a un pubblico giovane, indicativamente dai 18 ai 34 anni. I temi trattati sono di informazione e di approfondimento.<\/p>\n<p class=\"titoletto\"><strong>Com&#8217;\u00e8 organizzato il palinsesto?<\/strong><\/p>\n<p>Non esiste un vero e proprio palinsesto, per lo meno non nel senso classico del termine. Del resto su Current non si pensa in termini di programmi televisivi, ma di <em>Pod<\/em>: moduli di durata variabile da un minuto a 7-8 minuti, che vengono trasmessi in un flusso continuo, anche pi\u00f9 volte durante la giornata. \u00c8 un po&#8217; come utilizzare una sorta di iPod Shuffle per video.<\/p><\/blockquote>\n","protected":false},"excerpt":{"rendered":"<p>Via Apogeonline \u00c8 questione di settimane e Current TV inizier\u00e0 a trasmettere anche in Italia, con un canale localizzato in lingua italiana. Dall&#8217;8 maggio questa emittente entrer\u00e0 a far parte dell&#8217;offerta satellitare di Sky, nel pacchetto Mondi e Culture. A Tommaso Tessarolo, gi\u00e0 impegnato nel progetto N3TV e autore per Apogeo di NetTV, \u00e8 stato &#8230; <a title=\"La Pod tv all&#8217;italiana\" class=\"read-more\" href=\"https:\/\/www.pasteris.it\/blog\/2008\/04\/02\/la-pod-tv-allitaliana\/\" aria-label=\"Per saperne di pi\u00f9 su La Pod tv all&#8217;italiana\">Leggi tutto<\/a><\/p>\n","protected":false},"author":4,"featured_media":0,"comment_status":"open","ping_status":"open","sticky":false,"template":"","format":"standard","meta":{"footnotes":""},"categories":[],"tags":[55,415,176,61,198,1111,36,332,354,363],"class_list":["post-3328","post","type-post","status-publish","format-standard","hentry","tag-apogeonline","tag-arte","tag-informazione","tag-italia","tag-libri","tag-skyitalia","tag-tag","tag-televisione","tag-video","tag-web"],"_links":{"self":[{"href":"https:\/\/www.pasteris.it\/blog\/wp-json\/wp\/v2\/posts\/3328","targetHints":{"allow":["GET"]}}],"collection":[{"href":"https:\/\/www.pasteris.it\/blog\/wp-json\/wp\/v2\/posts"}],"about":[{"href":"https:\/\/www.pasteris.it\/blog\/wp-json\/wp\/v2\/types\/post"}],"author":[{"embeddable":true,"href":"https:\/\/www.pasteris.it\/blog\/wp-json\/wp\/v2\/users\/4"}],"replies":[{"embeddable":true,"href":"https:\/\/www.pasteris.it\/blog\/wp-json\/wp\/v2\/comments?post=3328"}],"version-history":[{"count":0,"href":"https:\/\/www.pasteris.it\/blog\/wp-json\/wp\/v2\/posts\/3328\/revisions"}],"wp:attachment":[{"href":"https:\/\/www.pasteris.it\/blog\/wp-json\/wp\/v2\/media?parent=3328"}],"wp:term":[{"taxonomy":"category","embeddable":true,"href":"https:\/\/www.pasteris.it\/blog\/wp-json\/wp\/v2\/categories?post=3328"},{"taxonomy":"post_tag","embeddable":true,"href":"https:\/\/www.pasteris.it\/blog\/wp-json\/wp\/v2\/tags?post=3328"}],"curies":[{"name":"wp","href":"https:\/\/api.w.org\/{rel}","templated":true}]}}