{"id":33477,"date":"2015-02-11T10:29:12","date_gmt":"2015-02-11T08:29:12","guid":{"rendered":"http:\/\/www.pasteris.it\/blog\/?p=33477"},"modified":"2015-02-08T07:45:26","modified_gmt":"2015-02-08T05:45:26","slug":"salviamo-pracatinat","status":"publish","type":"post","link":"https:\/\/www.pasteris.it\/blog\/2015\/02\/11\/salviamo-pracatinat\/","title":{"rendered":"Salviamo Pracatinat"},"content":{"rendered":"<p><a href=\"http:\/\/www.pracatinat.it\/\" target=\"_blank\">Pracatinat<\/a> \u00e8 un centro di Informazione ambientale di grande importanza che la Regione Piemonte vuole chiudere. <a href=\"http:\/\/www.quotidianopiemontese.it\/2015\/02\/05\/gli-educatori-di-pracatinat-scrivono-agli-assessori\/\" target=\"_blank\">Gli educatori scrivono per salvarlo<\/a><\/p>\n<blockquote><p>Tutti siamo uniti dalla convinzione che Pracatinat sia un&#8217;eccellenza per la qualit\u00e0 della proposta formativa in Piemonte e in Italia. E le eccellenze, come si sa, sono onerose da mantenere, ma anche difficili da produrre e replicare. Di questo, crediamo, va tenuto conto nel momento in cui si prendono decisioni importanti e sicuramente sofferte. Decidere che cosa lasciare indietro consegnandolo al passato \u00e8 gi\u00e0 un modo di scegliere che cosa si vorr\u00e0 essere in futuro, e ci \u00e8 difficile pensare che si possa semplicemente fare a meno di tutto ci\u00f2 che Pracatinat ha rappresentato in questi anni.<\/p>\n<p><!--more--><\/p>\n<p>Abbiamo lavorato con passione e professionalit\u00e0 per costruire insieme a studenti, insegnanti e genitori le basi di un\u2019esperienza educativa coinvolgente, costruttiva e matura. Ognuno di noi ha camminato per centinaia di chilometri lungo i sentieri del Parco Regionale dell\u2019Orsiera Rocciavr\u00e8 con migliaia di studenti, desiderosi di costruire un\u2019educazione ambientale basata sulla sperimentazione di una visione complessa del rapporto tra uomo e natura. Una visione non ingenua, adatta a essere sperimentata nei boschi, ma animata da una solida vocazione al confronto con i problemi del nostro tempo; un modo di guardare le cose fedele a una logica che vede nell&#8217;educazione ambientale anche un&#8217;opportunit\u00e0 per parlare di noi, delle nostre scuole, delle citt\u00e0 in cui abitiamo e magari del loro futuro.<br \/>\nAbbiamo costruito riflessione insieme a insegnanti provenienti da istituti scolastici di ogni ordine e grado con bimbi e ragazzi di ogni et\u00e0, dai quattro ai diciannove anni, dando la possibilit\u00e0 ai giovani di ogni classe sociale di godere di una natura la cui bellezza a molti era inimmaginabile fino al momento in cui non sono giunti sulle montagne della Val Chisone.<br \/>\nAuspichiamo che l\u2019esperienza educativa di Pracatinat possa proseguire e che, grazie alla buona volont\u00e0 di tutti, questo momento di difficolt\u00e0 possa trasformarsi in un nuovo inizio.<\/p><\/blockquote>\n<p>&nbsp;<\/p>\n","protected":false},"excerpt":{"rendered":"<p>Pracatinat \u00e8 un centro di Informazione ambientale di grande importanza che la Regione Piemonte vuole chiudere. Gli educatori scrivono per salvarlo Tutti siamo uniti dalla convinzione che Pracatinat sia un&#8217;eccellenza per la qualit\u00e0 della proposta formativa in Piemonte e in Italia. E le eccellenze, come si sa, sono onerose da mantenere, ma anche difficili da &#8230; <a title=\"Salviamo Pracatinat\" class=\"read-more\" href=\"https:\/\/www.pasteris.it\/blog\/2015\/02\/11\/salviamo-pracatinat\/\" aria-label=\"Per saperne di pi\u00f9 su Salviamo Pracatinat\">Leggi tutto<\/a><\/p>\n","protected":false},"author":3,"featured_media":0,"comment_status":"open","ping_status":"open","sticky":false,"template":"","format":"standard","meta":{"footnotes":""},"categories":[49,32,14],"tags":[2172,2138],"class_list":["post-33477","post","type-post","status-publish","format-standard","hentry","category-ambiente","category-pensieri","category-torino","tag-ambiente","tag-pracatinat"],"_links":{"self":[{"href":"https:\/\/www.pasteris.it\/blog\/wp-json\/wp\/v2\/posts\/33477","targetHints":{"allow":["GET"]}}],"collection":[{"href":"https:\/\/www.pasteris.it\/blog\/wp-json\/wp\/v2\/posts"}],"about":[{"href":"https:\/\/www.pasteris.it\/blog\/wp-json\/wp\/v2\/types\/post"}],"author":[{"embeddable":true,"href":"https:\/\/www.pasteris.it\/blog\/wp-json\/wp\/v2\/users\/3"}],"replies":[{"embeddable":true,"href":"https:\/\/www.pasteris.it\/blog\/wp-json\/wp\/v2\/comments?post=33477"}],"version-history":[{"count":1,"href":"https:\/\/www.pasteris.it\/blog\/wp-json\/wp\/v2\/posts\/33477\/revisions"}],"predecessor-version":[{"id":33478,"href":"https:\/\/www.pasteris.it\/blog\/wp-json\/wp\/v2\/posts\/33477\/revisions\/33478"}],"wp:attachment":[{"href":"https:\/\/www.pasteris.it\/blog\/wp-json\/wp\/v2\/media?parent=33477"}],"wp:term":[{"taxonomy":"category","embeddable":true,"href":"https:\/\/www.pasteris.it\/blog\/wp-json\/wp\/v2\/categories?post=33477"},{"taxonomy":"post_tag","embeddable":true,"href":"https:\/\/www.pasteris.it\/blog\/wp-json\/wp\/v2\/tags?post=33477"}],"curies":[{"name":"wp","href":"https:\/\/api.w.org\/{rel}","templated":true}]}}