{"id":33493,"date":"2015-02-13T10:00:46","date_gmt":"2015-02-13T08:00:46","guid":{"rendered":"http:\/\/www.pasteris.it\/blog\/?p=33493"},"modified":"2015-02-13T02:02:10","modified_gmt":"2015-02-13T00:02:10","slug":"la-liberta-di-stampa-italia-e-peggiorata-nel-2014-il-paese-e-sceso-alla-73a-posizione-perdendo-24-posizioni-fra-180-paesi-monitorati","status":"publish","type":"post","link":"https:\/\/www.pasteris.it\/blog\/2015\/02\/13\/la-liberta-di-stampa-italia-e-peggiorata-nel-2014-il-paese-e-sceso-alla-73a-posizione-perdendo-24-posizioni-fra-180-paesi-monitorati\/","title":{"rendered":"La libert\u00e0 di stampa in Italia \u00e8 peggiorata nel 2014. Il paese \u00e8 sceso alla 73a posizione perdendo 24 posizioni fra i 180 paesi monitorati"},"content":{"rendered":"<p><a href=\"http:\/\/www.internazionale.it\/notizie\/2015\/02\/12\/italia-peggiora-liberta-stampa\" target=\"_blank\">Via Internazionale<\/a><\/p>\n<blockquote><p>La libert\u00e0 di stampa nel mondo ha sub\u00ecto una \u201cregressione brutale\u201d nel 2014, conseguenza dell\u2019azione del gruppo Stato islamico e del gruppo terroristico nigeriano Boko haram. Nei due terzi dei 180 paesi controllati la libert\u00e0 ha registrato un calo. I dati sono stati pubblicati oggi da Reporters sans fronti\u00e8res. La Siria \u00e8 al 177\u00b0 posto, dopo la Cina (176), prima del Turkmenistan (178), della Corea del Nord (179) e dell\u2019Eritrea che \u00e8 all\u2019ultimo posto (180).<\/p>\n<p>La libert\u00e0 di stampa in Italia \u00e8 peggiorata nel 2014. Il paese \u00e8 sceso alla 73a posizione tra i 180 paesi monitorati, perdendo 24 posizioni (nel 2014 occupava il 49\u00b0 posto).<\/p>\n<p>Il calo della libert\u00e0 registrato \u00e8 dovuto agli attacchi contro i beni dei giornalisti, in particolare contro le loro automobili. I giornalisti italiani hanno sub\u00ecto 43 aggressioni fisiche e sono stati segnalati 7 casi di attacchi incendiari nei primi dieci mesi del 2014. Sono aumentati anche i casi di accuse ingiustificate di diffamazione, saliti dagli 84 del 2013 ai 129 dei primi dieci mesi del 2014. La maggior parte di queste cause \u00e8 stata intentata da personaggi pubblici che sono stati eletti nel paese e ci\u00f2 costituisce una forma di censura.<\/p><\/blockquote>\n","protected":false},"excerpt":{"rendered":"<p>Via Internazionale La libert\u00e0 di stampa nel mondo ha sub\u00ecto una \u201cregressione brutale\u201d nel 2014, conseguenza dell\u2019azione del gruppo Stato islamico e del gruppo terroristico nigeriano Boko haram. Nei due terzi dei 180 paesi controllati la libert\u00e0 ha registrato un calo. I dati sono stati pubblicati oggi da Reporters sans fronti\u00e8res. La Siria \u00e8 al &#8230; <a title=\"La libert\u00e0 di stampa in Italia \u00e8 peggiorata nel 2014. Il paese \u00e8 sceso alla 73a posizione perdendo 24 posizioni fra i 180 paesi monitorati\" class=\"read-more\" href=\"https:\/\/www.pasteris.it\/blog\/2015\/02\/13\/la-liberta-di-stampa-italia-e-peggiorata-nel-2014-il-paese-e-sceso-alla-73a-posizione-perdendo-24-posizioni-fra-180-paesi-monitorati\/\" aria-label=\"Per saperne di pi\u00f9 su La libert\u00e0 di stampa in Italia \u00e8 peggiorata nel 2014. Il paese \u00e8 sceso alla 73a posizione perdendo 24 posizioni fra i 180 paesi monitorati\">Leggi tutto<\/a><\/p>\n","protected":false},"author":3,"featured_media":0,"comment_status":"open","ping_status":"open","sticky":false,"template":"","format":"standard","meta":{"footnotes":""},"categories":[424],"tags":[2139,1835],"class_list":["post-33493","post","type-post","status-publish","format-standard","hentry","category-personale","tag-liberta-stampa","tag-rsf"],"_links":{"self":[{"href":"https:\/\/www.pasteris.it\/blog\/wp-json\/wp\/v2\/posts\/33493","targetHints":{"allow":["GET"]}}],"collection":[{"href":"https:\/\/www.pasteris.it\/blog\/wp-json\/wp\/v2\/posts"}],"about":[{"href":"https:\/\/www.pasteris.it\/blog\/wp-json\/wp\/v2\/types\/post"}],"author":[{"embeddable":true,"href":"https:\/\/www.pasteris.it\/blog\/wp-json\/wp\/v2\/users\/3"}],"replies":[{"embeddable":true,"href":"https:\/\/www.pasteris.it\/blog\/wp-json\/wp\/v2\/comments?post=33493"}],"version-history":[{"count":1,"href":"https:\/\/www.pasteris.it\/blog\/wp-json\/wp\/v2\/posts\/33493\/revisions"}],"predecessor-version":[{"id":33495,"href":"https:\/\/www.pasteris.it\/blog\/wp-json\/wp\/v2\/posts\/33493\/revisions\/33495"}],"wp:attachment":[{"href":"https:\/\/www.pasteris.it\/blog\/wp-json\/wp\/v2\/media?parent=33493"}],"wp:term":[{"taxonomy":"category","embeddable":true,"href":"https:\/\/www.pasteris.it\/blog\/wp-json\/wp\/v2\/categories?post=33493"},{"taxonomy":"post_tag","embeddable":true,"href":"https:\/\/www.pasteris.it\/blog\/wp-json\/wp\/v2\/tags?post=33493"}],"curies":[{"name":"wp","href":"https:\/\/api.w.org\/{rel}","templated":true}]}}