{"id":33514,"date":"2015-02-19T03:40:56","date_gmt":"2015-02-19T01:40:56","guid":{"rendered":"http:\/\/www.pasteris.it\/blog\/?p=33514"},"modified":"2015-02-19T03:40:56","modified_gmt":"2015-02-19T01:40:56","slug":"il-governo-ai-tempi-della-crisi","status":"publish","type":"post","link":"https:\/\/www.pasteris.it\/blog\/2015\/02\/19\/il-governo-ai-tempi-della-crisi\/","title":{"rendered":"Il Governo ai tempi della crisi"},"content":{"rendered":"<p><a href=\"http:\/\/blog.openpolis.it\/2015\/02\/17\/pubblicato-il-minidossier-il-governo-al-tempo-della-crisi\/\" target=\"_blank\">Via Openpolis<\/a><\/p>\n<blockquote><p>Il primo anno del Governo Renzi \u00e8 l\u2019occasione per\u00a0<a href=\"https:\/\/drive.google.com\/file\/d\/0ByZ65N5BuOCtNG5kMG0tWmZpbWs\/view?usp=sharing\" target=\"_blank\">un\u2019analisi comparata<\/a>\u00a0sulla composizione e le attivit\u00e0 degli Esecutivi Berlusconi, Monti, Letta e Renzi.\u00a0Quali le priorit\u00e0, quante le leggi, le variazioni nella maggioranza e il rapporto con il Parlamento.<\/p>\n<p>Equilibri istituzionali.\u00a0La transizione verso la \u201cTerza Repubblica\u201d \u00e8 avviata su un percorso ancora non ben definito ma con alcune certezze. La\u00a0principale non \u00e8 che l\u2019armonizzare\u00a0da un punto di vista normativo ci\u00f2 che \u00e8 gi\u00e0 prassi: il conferimento al Governo di maggiori poteri.<\/p>\n<p><!--more--><\/p>\n<p>Rapporto Governo-Parlamento.\u00a0Prova della centralit\u00e0 del Governo nel sistema politico italiano \u00e8 la sua enorme capacit\u00e0 di determinare il processo di formazione delle leggi.\u00a0Trattandosi di uno spostamento di potere, ovviamente, vi \u00e8 chi ha subito la diminuzione delle\u00a0proprie capacit\u00e0, ed \u00e8 il Parlamento.<\/p>\n<p>Processo Legislativo.\u00a0Lo si evince da diverse analisi: Iniziativa (80% delle leggi di iniziativa del Governo \u2013 20% di iniziativa del Parlamento), % successo (il 30% delle proposte del Governo diventa legge mentre neanche l\u20191% del Parlamento), tempi (mediamente una proposta del Governo diviene legge in 112 giorni mentre una del Parlamento in 337).<\/p>\n<p>Voto di fiducia.\u00a0A tal fine \u00e8 stato sempre maggiore il ricorso al voto di fiducia.\u00a0Non solo sui\u00a0provvedimenti particolarmente dibattuti ma anche come metodo consolidato per compattare la maggioranza e restringere il dibattito d\u2019Aula.\u00a0Il rapporto fra leggi approvate e fiducie richieste ha raggiunto nuove vette con gli esecutivi Monti e\u00a0Renzi, entrambi intorno al 45%.<\/p>\n<p>Interrogato non risponde.\u00a0Compito del Parlamento \u00e8 anche quello di vigilare sull\u2019attivit\u00e0 del Governo, operazione che svolge\u00a0perlopi\u00f9 attraverso la presentazione di interrogazioni e interpellanze.\u00a0Le risposte che riceve per\u00f2 sono bassissime, in totale viene data attenzione\u00a0solo al 35% dei quesiti, con la percentuale che tocca il punto pi\u00f9 basso con il Governo Renzi, sotto il 25%.<\/p>\n<p>Agenda politica.\u00a0Uno degli elementi pi\u00f9 interessanti di confronto fra i diversi Governi \u00e8 rappresentato dalle diverse priorit\u00e0 che hanno dato ai lavori parlamentari. Lavoro con Renzi (approvazione Jobs Act), il dibattito legato a province\u00a0ed enti locali con Letta e il focus su imprese e efficienza della Pubblica Amministrazione con Monti,\u00a0sono solamente alcuni esempi.<\/p>\n<p>Pi\u00f9 trasparenza.\u00a0\u00a0Speriamo presto di poter arricchire i nostri approfondimenti con\u00a0ulteriori dati ora non pubblici. Quasi inesistenti sono le informazioni\u00a0sull\u2019andamento del Consiglio dei Ministri e sull\u2019emanazione dei decreti attuativi necessari per l\u2019entrata in vigore delle leggi pubblicate in Gazzetta.<\/p><\/blockquote>\n<p>&nbsp;<\/p>\n","protected":false},"excerpt":{"rendered":"<p>Via Openpolis Il primo anno del Governo Renzi \u00e8 l\u2019occasione per\u00a0un\u2019analisi comparata\u00a0sulla composizione e le attivit\u00e0 degli Esecutivi Berlusconi, Monti, Letta e Renzi.\u00a0Quali le priorit\u00e0, quante le leggi, le variazioni nella maggioranza e il rapporto con il Parlamento. Equilibri istituzionali.\u00a0La transizione verso la \u201cTerza Repubblica\u201d \u00e8 avviata su un percorso ancora non ben definito ma &#8230; <a title=\"Il Governo ai tempi della crisi\" class=\"read-more\" href=\"https:\/\/www.pasteris.it\/blog\/2015\/02\/19\/il-governo-ai-tempi-della-crisi\/\" aria-label=\"Per saperne di pi\u00f9 su Il Governo ai tempi della crisi\">Leggi tutto<\/a><\/p>\n","protected":false},"author":3,"featured_media":0,"comment_status":"open","ping_status":"open","sticky":false,"template":"","format":"standard","meta":{"footnotes":""},"categories":[1,32],"tags":[379,2296,165,2352],"class_list":["post-33514","post","type-post","status-publish","format-standard","hentry","category-politica","category-pensieri","tag-crisi","tag-della","tag-governo","tag-tempi"],"_links":{"self":[{"href":"https:\/\/www.pasteris.it\/blog\/wp-json\/wp\/v2\/posts\/33514","targetHints":{"allow":["GET"]}}],"collection":[{"href":"https:\/\/www.pasteris.it\/blog\/wp-json\/wp\/v2\/posts"}],"about":[{"href":"https:\/\/www.pasteris.it\/blog\/wp-json\/wp\/v2\/types\/post"}],"author":[{"embeddable":true,"href":"https:\/\/www.pasteris.it\/blog\/wp-json\/wp\/v2\/users\/3"}],"replies":[{"embeddable":true,"href":"https:\/\/www.pasteris.it\/blog\/wp-json\/wp\/v2\/comments?post=33514"}],"version-history":[{"count":1,"href":"https:\/\/www.pasteris.it\/blog\/wp-json\/wp\/v2\/posts\/33514\/revisions"}],"predecessor-version":[{"id":33515,"href":"https:\/\/www.pasteris.it\/blog\/wp-json\/wp\/v2\/posts\/33514\/revisions\/33515"}],"wp:attachment":[{"href":"https:\/\/www.pasteris.it\/blog\/wp-json\/wp\/v2\/media?parent=33514"}],"wp:term":[{"taxonomy":"category","embeddable":true,"href":"https:\/\/www.pasteris.it\/blog\/wp-json\/wp\/v2\/categories?post=33514"},{"taxonomy":"post_tag","embeddable":true,"href":"https:\/\/www.pasteris.it\/blog\/wp-json\/wp\/v2\/tags?post=33514"}],"curies":[{"name":"wp","href":"https:\/\/api.w.org\/{rel}","templated":true}]}}