{"id":33642,"date":"2015-06-10T09:59:24","date_gmt":"2015-06-10T07:59:24","guid":{"rendered":"http:\/\/www.pasteris.it\/blog\/?p=33642"},"modified":"2015-06-10T09:59:24","modified_gmt":"2015-06-10T07:59:24","slug":"10-domande-10-sul-concorsone-per-giornalisti-rai-in-programma-a-bastia-umbra","status":"publish","type":"post","link":"https:\/\/www.pasteris.it\/blog\/2015\/06\/10\/10-domande-10-sul-concorsone-per-giornalisti-rai-in-programma-a-bastia-umbra\/","title":{"rendered":"10 domande 10 sul concorsone per giornalisti Rai in programma a Bastia Umbra"},"content":{"rendered":"<p>Il primo luglio 2015 ci dovrebbe essere la prima prova di un epico concorso per entrare come giornalisti in RAI a cui si sono iscritti 5 mila giornalisti professionisti pari a circa un sesto dei giornalisti professionisti in Italia. Il concorso \u00e8 stato convocato dopo 13 mesi di silenzio dall&#8217;accettazione delle domande d&#8217;ammissione con soli 21 giorni di preavviso arriva la convocazione, in un posto (<a href=\"http:\/\/www.comunebastiaumbra.gov.it\" target=\"_blank\">Bastia Umbra<\/a>) scomodo praticamente per tutti in un giorno infrasettimanale. <a href=\"http:\/\/www.giornalettismo.com\/archives\/1830819\/concorso-rai-100-giornalisti\/\" target=\"_blank\">Ecco 10 domande a cui la Rai dovrebbe rispondere.<\/a><!--more--><\/p>\n<blockquote><p><strong>1.<\/strong> Perch\u00e9 dopo pi\u00f9 di un anno di attesa \u2013 s<strong>enza alcuna informazione n\u00e9 comunicazione ufficiale in ben 13 mesi<\/strong> data a chi aveva compilato la domanda per l\u2019ammissione al concorso, ricevendo la conferma del suo diritto di parteciparvi \u2013 il concorso si \u201csblocca\u201d (quindi era bloccato? E da cosa?) e si ritiene necessario tenerlo, nella sua prima fase, il primo luglio prossimo? Con una convocazione scritta datata 8 giugno. Meno di ventuno giorni prima.<\/p>\n<p><strong>2.<\/strong> Perch\u00e9 il concorso si tiene a Bastia Umbra?<\/p>\n<p><strong>3. Il servizio pubblico, in quanto tale, non dovrebbe dare uguali possibilit\u00e0 a tutti i candidati<\/strong>? Anche e soprattutto logistiche? Chi abita nelle isole, cos\u00ec come chi vive nel profondo sud o nell\u2019alto nord sar\u00e0 costretto a costosi e faticosi spostamenti. E questo condizioner\u00e0 la partecipazione alla prova, cos\u00ec come l\u2019efficienza fisica e mentale di chi affronter\u00e0 la prima prova del cosiddetto \u201cconcorsone\u201d (a proposito <a href=\"https:\/\/www.facebook.com\/groups\/487351144751773\/?fref=ts\" target=\"_blank\">qui trovate un gruppo facebook<\/a> che \u00e8 un forum di discussione tra i candidati: dai testi su cui prepararvi ai passaggi in macchina, troverete tutto, uno splendido esempio di solidariet\u00e0 tra lavoratori)<\/p>\n<p><strong>4. Perch\u00e9, essendo previsto per il primo semestre 2015, il concorso si tiene nel secondo?<\/strong> E con la prima fase di selezione da 5000 a 400 candidati, in piena estate? Con alcuni candidati molto probabilmente impossibilitati a raggiungere Bastia Umbra?<\/p>\n<p><strong>5. Perch\u00e9 il concorso si tiene in un giorno feriale? Di mercoled\u00ec poi?<\/strong> Avere bisogno di finire in un bacino di possibili assunti a tempo determinato alla Rai non vuol dire essere disoccupati. Cosa costava organizzarlo di sabato per permettere a tutti di non subire ulteriori danni economici? O almeno di luned\u00ec, cos\u00ec da non costringere la maggior parte dei candidati a partire all\u2019alba per raggiungere la ridente e ospitale cittadina umbra? O di prendersi due giorni di ferie? O, come \u00e8 pi\u00f9 probabile, costringere a non lavorare e quindi non guadagnare, per due giorni? Anche perch\u00e9 le prove successive, se Enzo Iacopino, presidente dell\u2019Ordine dei Giornalisti, <a href=\"https:\/\/www.facebook.com\/E.Iacopino?fref=ts\" target=\"_blank\">nel suo ultimo status su Facebook<\/a> non mente (e non lo fa mai, a quanto mi risulta), si potrebbero addirittura tenere di domenica!<\/p>\n<p><strong>6. Umbria Fiera \u00e8 davvero la struttura migliore per ospitare 5000 persone?<\/strong>Roma o Milano, facilmente e velocemente raggiungibili con un solo transfert per molti candidati (via aria e rotaia) non avevano luoghi altrettanto ricettivi?<\/p>\n<p><strong>7.<\/strong> <strong>Bastia Umbra, come scelta, risulta di difficile comprensione<\/strong> anche volendo pensare a una volont\u00e0 di favorire la scuola di giornalismo di Perugia (gi\u00e0 nel 2013 destinataria esclusiva di 35 assunzioni Rai, con la protesta di tutte le altre strutture didattiche simili della penisola). L\u2019obbligo di essere professionisti specificato nel bando, infatti, costringe i corsisti del capoluogo umbro ad aver fatto l\u2019esame entro aprile 2014. Il che vuol dire che o sono autentici fenomeni, oppure \u201cassicurando\u201d la scuola \u201csolo\u201d il praticantato devono essere, i \u201cperugini\u201d, quasi tutti del decimo biennio della scuola (quindi 2010-2012). Si sono fermati tutti a vivere a Perugia? Difficile. C\u2019\u00e8 una potentissima lobby di giornalisti umbri di cui non siamo a conoscenza? Quindi, di nuovo, perch\u00e9 Bastia Umbra?<\/p>\n<p><strong>8.<\/strong> A proposito di Bastia Umbra, visto che ne abbiamo parlato poco. <strong>Qualcuno pu\u00f2, in base alla trasparenza tanto sbandierata da Usigrai e Rai, darci i particolari di come \u00e8 avvenuta la scelta della location?<\/strong> Prima Comunicazione afferma che \u00e8 stata individuata con gara pubblica con tanto di sopralluogo. Ma alla Rai lo sanno che una cittadina di 22.000 abitanti non pu\u00f2 accogliere 4982 persone che dovranno dormirvi almeno una notte? Ha gi\u00e0 scoperto che il 57% dei posti letto \u00e8 gi\u00e0 prenotato? E parliamo di 11 strutture, tra alberghi o agriturismo.<\/p>\n<p><strong>9. Ferruccio De Bortoli, presidente della commissione, e gli altri colleghi che formeranno la commissione non dovrebbero in primis rappresentare una garanzia per i loro colleghi professionisti?<\/strong> L\u2019ex direttore del Corsera e de Ilsole24ore ha dimostrato in un\u2019onorata carriera coraggio e schiena dritta, soprattutto di fronte ai poteri forti. E quindi chiedo a lui, come a tutti gli altri 4988 tra commissari e candidati: perch\u00e9 non opporsi a condizioni cos\u00ec assurde e pretendere un trattamento equo e rispettoso dell\u2019azienda stessa, nonch\u00e9 della nostra professione? Magari disertando in massa e pretendendo una data, un luogo e una trasparenza idonei all\u2019importanza dell\u2019evento? E Roberto Fico, presidente della commissione vigilanza Rai, come mai non parla? Il movimento 5 stelle non \u00e8 contro le ombre del Sistema? O per i giornalisti, cos\u00ec poco amati dal loro caro leader, si fa un\u2019eccezione?<\/p>\n<p><strong>10.\u00a0Perch\u00e9 i sindacati \u2013 da Stampa Romana a Usigrai \u2013 esultano per un concorso che ha mancato di rispetto a chi ne ha chiesto l\u2019ammissione? Per loro basta loro solo che esista?<\/strong> Oppure che venga fatto con la regolarit\u00e0 dovuta? A loro stanno bene solo 22 giorni, in giugno peraltro, per preparare la prima prova, ovvero, come recita il bando \u201cun test scritto a risposta multipla (multiple choice) che verter\u00e0 su tematiche attinenti la cultura generale e l\u2019attualit\u00e0 (con riguardo all\u2019ordinamento dello Stato, alle norme sulla stampa e sul sistema radiotelevisivo, alla tutela della privacy, al contratto nazionale di lavoro giornalistico, al giornalismo radiotelevisivo e cross mediale) e su nozioni di lingua inglese\u201d. Fatto in condizioni difficili, per la collocazione geografica, l\u2019orario, il giorno e persino per la difficolt\u00e0 di trovare strutture in cui alloggiare? E persino la stagione non \u00e8 quella promessa: doveva essere l\u2019inverno (fine 2014-inizio 2015), si terranno d\u2019estate le tre prove pi\u00f9 colloquio, fino ad arrivare a ottobre prossimo. Non dovrebbero tutelare i propri iscritti, invece di esultare per una vittoria di Pirro? Sperando che le probabilit\u00e0, gi\u00e0 basse, siano per tutti e 4.982 le stesse, ovviamente (non c\u2019\u00e8 alcuna parte del bando che specifichi se i test saranno anonimi, per dire). E certo, \u00a0tutti questi interrogativi non aiutano a fidarsi di una azienda divenuta famosa per la lottizzazione.\u00a0Gi\u00e0 cos\u00ec, comunque, solo 8 precari su ogni 100 iscritti al concorso passeranno la prima fase (circa uno su 12). E uno dei 4 rimanenti le altre tre prove. Per raggiungere lo splendido risultato di rimanere precario e cacciato dalla graduatoria faticosamente raggiunta in caso di un rifiuto di essere mandato, che so, alla sede Rai pi\u00f9 lontana da casa. Ricordo dei call center pi\u00f9 umani.<\/p><\/blockquote>\n<p>&nbsp;<\/p>\n","protected":false},"excerpt":{"rendered":"<p>Il primo luglio 2015 ci dovrebbe essere la prima prova di un epico concorso per entrare come giornalisti in RAI a cui si sono iscritti 5 mila giornalisti professionisti pari a circa un sesto dei giornalisti professionisti in Italia. Il concorso \u00e8 stato convocato dopo 13 mesi di silenzio dall&#8217;accettazione delle domande d&#8217;ammissione con soli &#8230; <a title=\"10 domande 10 sul concorsone per giornalisti Rai in programma a Bastia Umbra\" class=\"read-more\" href=\"https:\/\/www.pasteris.it\/blog\/2015\/06\/10\/10-domande-10-sul-concorsone-per-giornalisti-rai-in-programma-a-bastia-umbra\/\" aria-label=\"Per saperne di pi\u00f9 su 10 domande 10 sul concorsone per giornalisti Rai in programma a Bastia Umbra\">Leggi tutto<\/a><\/p>\n","protected":false},"author":3,"featured_media":0,"comment_status":"open","ping_status":"open","sticky":false,"template":"","format":"standard","meta":{"footnotes":""},"categories":[30,32,424],"tags":[160,281],"class_list":["post-33642","post","type-post","status-publish","format-standard","hentry","category-media","category-pensieri","category-personale","tag-giornalismo","tag-rai"],"_links":{"self":[{"href":"https:\/\/www.pasteris.it\/blog\/wp-json\/wp\/v2\/posts\/33642","targetHints":{"allow":["GET"]}}],"collection":[{"href":"https:\/\/www.pasteris.it\/blog\/wp-json\/wp\/v2\/posts"}],"about":[{"href":"https:\/\/www.pasteris.it\/blog\/wp-json\/wp\/v2\/types\/post"}],"author":[{"embeddable":true,"href":"https:\/\/www.pasteris.it\/blog\/wp-json\/wp\/v2\/users\/3"}],"replies":[{"embeddable":true,"href":"https:\/\/www.pasteris.it\/blog\/wp-json\/wp\/v2\/comments?post=33642"}],"version-history":[{"count":2,"href":"https:\/\/www.pasteris.it\/blog\/wp-json\/wp\/v2\/posts\/33642\/revisions"}],"predecessor-version":[{"id":33644,"href":"https:\/\/www.pasteris.it\/blog\/wp-json\/wp\/v2\/posts\/33642\/revisions\/33644"}],"wp:attachment":[{"href":"https:\/\/www.pasteris.it\/blog\/wp-json\/wp\/v2\/media?parent=33642"}],"wp:term":[{"taxonomy":"category","embeddable":true,"href":"https:\/\/www.pasteris.it\/blog\/wp-json\/wp\/v2\/categories?post=33642"},{"taxonomy":"post_tag","embeddable":true,"href":"https:\/\/www.pasteris.it\/blog\/wp-json\/wp\/v2\/tags?post=33642"}],"curies":[{"name":"wp","href":"https:\/\/api.w.org\/{rel}","templated":true}]}}