{"id":34075,"date":"2016-11-02T20:40:21","date_gmt":"2016-11-02T18:40:21","guid":{"rendered":"http:\/\/www.pasteris.it\/blog\/?p=34075"},"modified":"2016-11-04T04:46:32","modified_gmt":"2016-11-04T02:46:32","slug":"la-repubblica-dei-brocchi","status":"publish","type":"post","link":"https:\/\/www.pasteris.it\/blog\/2016\/11\/02\/la-repubblica-dei-brocchi\/","title":{"rendered":"La repubblica dei brocchi"},"content":{"rendered":"<p><a href=\"https:\/\/www.amazon.com\/repubblica-dei-brocchi-dirigente-italiana-ebook\/dp\/B01LY5US5P\" rel=\"attachment wp-att-34076\"><img loading=\"lazy\" decoding=\"async\" class=\"alignleft size-medium wp-image-34076\" src=\"http:\/\/www.pasteris.it\/blog\/wp-content\/uploads\/2016\/11\/larepubblica-dei-brocchi-191x300.jpg\" alt=\"larepubblica-dei-brocchi\" width=\"191\" height=\"300\" srcset=\"https:\/\/www.pasteris.it\/blog\/wp-content\/uploads\/2016\/11\/larepubblica-dei-brocchi-191x300.jpg 191w, https:\/\/www.pasteris.it\/blog\/wp-content\/uploads\/2016\/11\/larepubblica-dei-brocchi.jpg 319w\" sizes=\"auto, (max-width: 191px) 100vw, 191px\" \/><\/a>Un libro di Sergio Rizzo<\/p>\n<p>Siamo la Repubblica dei brocchi.\u201d Perch\u00e9 al di l\u00e0 della questione morale, al di l\u00e0 dei reati e del dolo, al di l\u00e0 degli interessi privati che si fanno atti pubblici, la questione cruciale \u00e8 che la nostra classe dirigente semplicemente non \u00e8 a livello di quella degli altri paesi sviluppati. I brocchi non vogliono migliorare, riformare, far avanzare il paese: vogliono che tutto resti com\u2019\u00e8 per sempre, per godersi le proprie rendite di posizione. Ai brocchi non interessa quello che fanno gli altri, le soluzioni nuove ai problemi vecchi: per loro i problemi sono eterni e irrisolvibili. I brocchi non credono nella meritocrazia (se non a parole) e hanno una nutrita discendenza da piazzare, spesso composta di brocchi ancora peggiori.<\/p>\n","protected":false},"excerpt":{"rendered":"<p>Un libro di Sergio Rizzo Siamo la Repubblica dei brocchi.\u201d Perch\u00e9 al di l\u00e0 della questione morale, al di l\u00e0 dei reati e del dolo, al di l\u00e0 degli interessi privati che si fanno atti pubblici, la questione cruciale \u00e8 che la nostra classe dirigente semplicemente non \u00e8 a livello di quella degli altri paesi &#8230; <a title=\"La repubblica dei brocchi\" class=\"read-more\" href=\"https:\/\/www.pasteris.it\/blog\/2016\/11\/02\/la-repubblica-dei-brocchi\/\" aria-label=\"Per saperne di pi\u00f9 su La repubblica dei brocchi\">Leggi tutto<\/a><\/p>\n","protected":false},"author":3,"featured_media":34076,"comment_status":"open","ping_status":"open","sticky":false,"template":"","format":"standard","meta":{"footnotes":""},"categories":[424],"tags":[61],"class_list":["post-34075","post","type-post","status-publish","format-standard","has-post-thumbnail","hentry","category-personale","tag-italia"],"_links":{"self":[{"href":"https:\/\/www.pasteris.it\/blog\/wp-json\/wp\/v2\/posts\/34075","targetHints":{"allow":["GET"]}}],"collection":[{"href":"https:\/\/www.pasteris.it\/blog\/wp-json\/wp\/v2\/posts"}],"about":[{"href":"https:\/\/www.pasteris.it\/blog\/wp-json\/wp\/v2\/types\/post"}],"author":[{"embeddable":true,"href":"https:\/\/www.pasteris.it\/blog\/wp-json\/wp\/v2\/users\/3"}],"replies":[{"embeddable":true,"href":"https:\/\/www.pasteris.it\/blog\/wp-json\/wp\/v2\/comments?post=34075"}],"version-history":[{"count":1,"href":"https:\/\/www.pasteris.it\/blog\/wp-json\/wp\/v2\/posts\/34075\/revisions"}],"predecessor-version":[{"id":34077,"href":"https:\/\/www.pasteris.it\/blog\/wp-json\/wp\/v2\/posts\/34075\/revisions\/34077"}],"wp:featuredmedia":[{"embeddable":true,"href":"https:\/\/www.pasteris.it\/blog\/wp-json\/wp\/v2\/media\/34076"}],"wp:attachment":[{"href":"https:\/\/www.pasteris.it\/blog\/wp-json\/wp\/v2\/media?parent=34075"}],"wp:term":[{"taxonomy":"category","embeddable":true,"href":"https:\/\/www.pasteris.it\/blog\/wp-json\/wp\/v2\/categories?post=34075"},{"taxonomy":"post_tag","embeddable":true,"href":"https:\/\/www.pasteris.it\/blog\/wp-json\/wp\/v2\/tags?post=34075"}],"curies":[{"name":"wp","href":"https:\/\/api.w.org\/{rel}","templated":true}]}}