{"id":34105,"date":"2016-11-15T10:17:43","date_gmt":"2016-11-15T08:17:43","guid":{"rendered":"http:\/\/www.pasteris.it\/blog\/?p=34105"},"modified":"2016-11-15T10:18:22","modified_gmt":"2016-11-15T08:18:22","slug":"verso-piemonte-digitale","status":"publish","type":"post","link":"https:\/\/www.pasteris.it\/blog\/2016\/11\/15\/verso-piemonte-digitale\/","title":{"rendered":"Verso Piemonte Digitale"},"content":{"rendered":"<p><a href=\"http:\/\/www.quotidianopiemontese.it\/2016\/11\/14\/a-torino-mercoledi-16-novembre-il-primo-incontro-di-piemonte-digitale\/\">Via QP<\/a><\/p>\n<blockquote><p>Mercoled\u00ec 16 novembre alle 17.30 presso Rinascimenti Sociali in via Maria Vittoria 38 a Torino, si svolge il primo incontro di conoscenza, condivisione e progettazione di Piemonte Digitale. L\u2019obiettivo della riunione \u00e8 di iniziare a lavorare a\u00a0un manifesto, a degli obiettivi, a una organizzazione interna e un programma di breve periodo. L\u2019incontro sar\u00e0 anche online perch\u00e8 sar\u00e0 anche trasmesso e poi registrato sulla pagina Facebook di Piemonte Digitale per permettere a quanti non potranno essere presenti di persona di interagire con i partecipanti. L\u2019idea di Piemonte Digitale nasce dall\u2019esperienza dei Digital Champions italiani conclusa prematuramente che ha evidenziato\u00a0una forte esigenza di connessioni umane, di network di persone, idee e cervelli per far crescere il digitale nella nostra regione. In Veneto \u00e8 gi\u00e0 nato\u00a0Veneto Digitale , per creare un contenitore delle tante anime del mondo digitale della regione: quella degli appassionati, quella degli addetti ai lavori e quella delle aziende e del pubblico. A Veneto Digitale vuole ispirarsi Piemonte Digitale che vuole\u00a0diventare un contenitore, rete, piattaforma, comunit\u00e0, per quelli che vivono e lavorano nel settore.\u00a0L\u2019incontro \u00e8 aperto a tutti gli interessati.<\/p><\/blockquote>\n","protected":false},"excerpt":{"rendered":"<p>Via QP Mercoled\u00ec 16 novembre alle 17.30 presso Rinascimenti Sociali in via Maria Vittoria 38 a Torino, si svolge il primo incontro di conoscenza, condivisione e progettazione di Piemonte Digitale. L\u2019obiettivo della riunione \u00e8 di iniziare a lavorare a\u00a0un manifesto, a degli obiettivi, a una organizzazione interna e un programma di breve periodo. L\u2019incontro sar\u00e0 &#8230; <a title=\"Verso Piemonte Digitale\" class=\"read-more\" href=\"https:\/\/www.pasteris.it\/blog\/2016\/11\/15\/verso-piemonte-digitale\/\" aria-label=\"Per saperne di pi\u00f9 su Verso Piemonte Digitale\">Leggi tutto<\/a><\/p>\n","protected":false},"author":3,"featured_media":0,"comment_status":"open","ping_status":"open","sticky":false,"template":"","format":"standard","meta":{"footnotes":""},"categories":[33,14,19],"tags":[116,267,2199],"class_list":["post-34105","post","type-post","status-publish","format-standard","hentry","category-computer","category-torino","category-tecnologia","tag-digitale","tag-piemonte","tag-piemonte-digitale"],"_links":{"self":[{"href":"https:\/\/www.pasteris.it\/blog\/wp-json\/wp\/v2\/posts\/34105","targetHints":{"allow":["GET"]}}],"collection":[{"href":"https:\/\/www.pasteris.it\/blog\/wp-json\/wp\/v2\/posts"}],"about":[{"href":"https:\/\/www.pasteris.it\/blog\/wp-json\/wp\/v2\/types\/post"}],"author":[{"embeddable":true,"href":"https:\/\/www.pasteris.it\/blog\/wp-json\/wp\/v2\/users\/3"}],"replies":[{"embeddable":true,"href":"https:\/\/www.pasteris.it\/blog\/wp-json\/wp\/v2\/comments?post=34105"}],"version-history":[{"count":1,"href":"https:\/\/www.pasteris.it\/blog\/wp-json\/wp\/v2\/posts\/34105\/revisions"}],"predecessor-version":[{"id":34106,"href":"https:\/\/www.pasteris.it\/blog\/wp-json\/wp\/v2\/posts\/34105\/revisions\/34106"}],"wp:attachment":[{"href":"https:\/\/www.pasteris.it\/blog\/wp-json\/wp\/v2\/media?parent=34105"}],"wp:term":[{"taxonomy":"category","embeddable":true,"href":"https:\/\/www.pasteris.it\/blog\/wp-json\/wp\/v2\/categories?post=34105"},{"taxonomy":"post_tag","embeddable":true,"href":"https:\/\/www.pasteris.it\/blog\/wp-json\/wp\/v2\/tags?post=34105"}],"curies":[{"name":"wp","href":"https:\/\/api.w.org\/{rel}","templated":true}]}}