{"id":34258,"date":"2017-05-16T17:12:31","date_gmt":"2017-05-16T15:12:31","guid":{"rendered":"http:\/\/www.pasteris.it\/blog\/?p=34258"},"modified":"2017-08-09T19:59:48","modified_gmt":"2017-08-09T17:59:48","slug":"caporedattore-sindaco-presidente-dei-rifiuti-casertani","status":"publish","type":"post","link":"https:\/\/www.pasteris.it\/blog\/2017\/05\/16\/caporedattore-sindaco-presidente-dei-rifiuti-casertani\/","title":{"rendered":"Caporedattore, sindaco e presidente dei rifiuti casertani"},"content":{"rendered":"<p><a href=\"http:\/\/www.senzabavaglio.info\/2017\/05\/11\/al-mattino-il-multitasking-e-di-moda-caporedattore-sindaco-e-presidente-dei-rifiuti-casertani\/\">Via Senza Bavaglio<\/a><\/p>\n<blockquote><p>Stiamo parlando di Antonello Velardi caporedattore centrale del Mattino di Napoli. Nel marzo 2016 si candida a sindaco di Marcianise e a giugno viene eletto. Tutti si aspettano le sue dimissioni dal giornale o la richiesta di un\u2019aspettativa, come aveva fatto qualche anno prima, nel marzo 2013, la collega Rosaria Capacchione, semplice caposervizio, eletta al Senato.<\/p>\n<p><!--more--><\/p>\n<p>Antonello Velardi con la fascia da sindaco Importante aggiungere che Marcianise non \u00e8 un piccolo paese ma il terzo comune del Casertano, area non secondaria, con 41 mila abitanti.<\/p>\n<p>Velardi continua imperterrito il lavoro di giornalista in Via Chiatamone, dedicando scrupoloso pi\u00f9 che i ritagli di tempo alla sua attivit\u00e0 di sindaco . Se le mansioni da primo cittadino lo obbligano ad allontanarsi dalla redazione per pi\u00f9 tempo, correttamente chiede un permesso politico, come si legge nei fogli di presenza del giornale pubblicati da Iustitia, il settimanale online diretto da Nello Cozzolino, appassionato alla vicenda di Velardi, tanto da essere entrato nelle sue simpatie.<\/p>\n<p>E essere fatto oggetto di allegre diffamazioni. Ma la capacit\u00e0 trasformista di Velardi non finisce qui. Convinto che il rilancio del Mezzogiorno passi da Marcianise e deciso quindi a esserne il portabandiera, a marzo si propone e viene eletto presidente dell\u2019Ato Rifiuti di Caserta, ovvero l\u2019Ambito territoriale ottimale previsto dalla legge regionale di riordino al ciclo dei rifiuti.<\/p><\/blockquote>\n<p>&nbsp;<\/p>\n","protected":false},"excerpt":{"rendered":"<p>Via Senza Bavaglio Stiamo parlando di Antonello Velardi caporedattore centrale del Mattino di Napoli. Nel marzo 2016 si candida a sindaco di Marcianise e a giugno viene eletto. Tutti si aspettano le sue dimissioni dal giornale o la richiesta di un\u2019aspettativa, come aveva fatto qualche anno prima, nel marzo 2013, la collega Rosaria Capacchione, semplice &#8230; <a title=\"Caporedattore, sindaco e presidente dei rifiuti casertani\" class=\"read-more\" href=\"https:\/\/www.pasteris.it\/blog\/2017\/05\/16\/caporedattore-sindaco-presidente-dei-rifiuti-casertani\/\" aria-label=\"Per saperne di pi\u00f9 su Caporedattore, sindaco e presidente dei rifiuti casertani\">Leggi tutto<\/a><\/p>\n","protected":false},"author":3,"featured_media":0,"comment_status":"open","ping_status":"open","sticky":false,"template":"","format":"standard","meta":{"footnotes":""},"categories":[424],"tags":[161],"class_list":["post-34258","post","type-post","status-publish","format-standard","hentry","category-personale","tag-giornalisti"],"_links":{"self":[{"href":"https:\/\/www.pasteris.it\/blog\/wp-json\/wp\/v2\/posts\/34258","targetHints":{"allow":["GET"]}}],"collection":[{"href":"https:\/\/www.pasteris.it\/blog\/wp-json\/wp\/v2\/posts"}],"about":[{"href":"https:\/\/www.pasteris.it\/blog\/wp-json\/wp\/v2\/types\/post"}],"author":[{"embeddable":true,"href":"https:\/\/www.pasteris.it\/blog\/wp-json\/wp\/v2\/users\/3"}],"replies":[{"embeddable":true,"href":"https:\/\/www.pasteris.it\/blog\/wp-json\/wp\/v2\/comments?post=34258"}],"version-history":[{"count":1,"href":"https:\/\/www.pasteris.it\/blog\/wp-json\/wp\/v2\/posts\/34258\/revisions"}],"predecessor-version":[{"id":34260,"href":"https:\/\/www.pasteris.it\/blog\/wp-json\/wp\/v2\/posts\/34258\/revisions\/34260"}],"wp:attachment":[{"href":"https:\/\/www.pasteris.it\/blog\/wp-json\/wp\/v2\/media?parent=34258"}],"wp:term":[{"taxonomy":"category","embeddable":true,"href":"https:\/\/www.pasteris.it\/blog\/wp-json\/wp\/v2\/categories?post=34258"},{"taxonomy":"post_tag","embeddable":true,"href":"https:\/\/www.pasteris.it\/blog\/wp-json\/wp\/v2\/tags?post=34258"}],"curies":[{"name":"wp","href":"https:\/\/api.w.org\/{rel}","templated":true}]}}