{"id":34369,"date":"2017-11-06T11:11:51","date_gmt":"2017-11-06T09:11:51","guid":{"rendered":"http:\/\/www.pasteris.it\/blog\/?p=34369"},"modified":"2017-11-06T11:11:51","modified_gmt":"2017-11-06T09:11:51","slug":"la-verita-meno-verita-digitale-milano","status":"publish","type":"post","link":"https:\/\/www.pasteris.it\/blog\/2017\/11\/06\/la-verita-meno-verita-digitale-milano\/","title":{"rendered":"La verit\u00e0 \u00e8 meno verit\u00e0 se digitale? a Milano"},"content":{"rendered":"<p><a href=\"http:\/\/www.unimib.it\/open\/eventi\/La-verita-e-meno-verita-se-digitale\/4365692525153506112\">All&#8217;Universit\u00e0 Bicocca<\/a><\/p>\n<blockquote><p>Utilizzare le informazioni in formato digitale, crearle, commentarle e diffonderle \u00e8 oggi sempre pi\u00f9 semplice: chiunque pu\u00f2 farlo, basta un gesto veloce e immeditamente l&#8217;informazione viene diffusa senza limiti; e per fare questo \u00e8 sufficiente avere tra le mani uno smartphone.<!--more--><\/p>\n<p>Ecco quindi che oggi la verit\u00e0 assume innumerevoli sembianze e sfaccettature; non \u00e8 pi\u00f9, come nel passato, solo figlia di ideologie, culture e religioni, ma diventa frammentata, globale, a misura di nazione, di gruppo, di persona.<\/p>\n<p>Questa parcellizzazione \u00e8 in prospettiva molto preoccupante: potrebbe portare alla scompara della sfera pubblica, il contesto in cui i cittadini informati discutono di temi di interesse generale e che \u00e8 il presupposto di base delle moderne democrazie occidentali.<\/p>\n<p>In questo contesto come si pongono iniziative locali che cercano di portare equilibrio tra un mondo di notizie incontrollabili e quanto accade su territori a noi vicini? Come incide la responsabilit\u00e0 sociale dell\u2019innovazione digitale, in ambiti dove il digitale ha trasformato completamente il modo di diffondere, creare e commentare fatti e opinioni?<\/p><\/blockquote>\n<p>&nbsp;<\/p>\n","protected":false},"excerpt":{"rendered":"<p>All&#8217;Universit\u00e0 Bicocca Utilizzare le informazioni in formato digitale, crearle, commentarle e diffonderle \u00e8 oggi sempre pi\u00f9 semplice: chiunque pu\u00f2 farlo, basta un gesto veloce e immeditamente l&#8217;informazione viene diffusa senza limiti; e per fare questo \u00e8 sufficiente avere tra le mani uno smartphone.<\/p>\n","protected":false},"author":3,"featured_media":0,"comment_status":"open","ping_status":"open","sticky":false,"template":"","format":"standard","meta":{"footnotes":""},"categories":[6,32],"tags":[116,230,2344],"class_list":["post-34369","post","type-post","status-publish","format-standard","hentry","category-internet","category-pensieri","tag-digitale","tag-milano","tag-verita"],"_links":{"self":[{"href":"https:\/\/www.pasteris.it\/blog\/wp-json\/wp\/v2\/posts\/34369","targetHints":{"allow":["GET"]}}],"collection":[{"href":"https:\/\/www.pasteris.it\/blog\/wp-json\/wp\/v2\/posts"}],"about":[{"href":"https:\/\/www.pasteris.it\/blog\/wp-json\/wp\/v2\/types\/post"}],"author":[{"embeddable":true,"href":"https:\/\/www.pasteris.it\/blog\/wp-json\/wp\/v2\/users\/3"}],"replies":[{"embeddable":true,"href":"https:\/\/www.pasteris.it\/blog\/wp-json\/wp\/v2\/comments?post=34369"}],"version-history":[{"count":1,"href":"https:\/\/www.pasteris.it\/blog\/wp-json\/wp\/v2\/posts\/34369\/revisions"}],"predecessor-version":[{"id":34370,"href":"https:\/\/www.pasteris.it\/blog\/wp-json\/wp\/v2\/posts\/34369\/revisions\/34370"}],"wp:attachment":[{"href":"https:\/\/www.pasteris.it\/blog\/wp-json\/wp\/v2\/media?parent=34369"}],"wp:term":[{"taxonomy":"category","embeddable":true,"href":"https:\/\/www.pasteris.it\/blog\/wp-json\/wp\/v2\/categories?post=34369"},{"taxonomy":"post_tag","embeddable":true,"href":"https:\/\/www.pasteris.it\/blog\/wp-json\/wp\/v2\/tags?post=34369"}],"curies":[{"name":"wp","href":"https:\/\/api.w.org\/{rel}","templated":true}]}}