{"id":3453,"date":"2008-04-28T09:16:26","date_gmt":"2008-04-28T07:16:26","guid":{"rendered":"http:\/\/www.pasteris.it\/blog\/?p=3453"},"modified":"2008-04-28T07:26:36","modified_gmt":"2008-04-28T05:26:36","slug":"current-tv-in-arrivo-per-latteso-8-maggio","status":"publish","type":"post","link":"https:\/\/www.pasteris.it\/blog\/2008\/04\/28\/current-tv-in-arrivo-per-latteso-8-maggio\/","title":{"rendered":"Current TV in arrivo per l&#8217;atteso 8 maggio"},"content":{"rendered":"<p class=\"introText\"><img loading=\"lazy\" decoding=\"async\" class=\"alignright\" style=\"float: right;\" src=\"http:\/\/farm3.static.flickr.com\/2189\/2423033034_59bf6cb91f_o.png\" alt=\"\" width=\"262\" height=\"58\" \/>Grazie alle tracce lasciate in rete da un <a href=\"http:\/\/estrablog.net\/\">prestigioso lucano torinese<\/a> che ha trovato felice approdo nell&#8217;avventura di <a href=\"http:\/\/current.com\/\">Current<\/a><\/p>\n<blockquote><p>Ho aspettato a rendere nota la notizia per scaramanzia, ma ora \u00e8 ufficiale. Sono ufficialmente un dipendente di <a onclick=\"javascript:urchinTracker ('\/outbound\/article\/www.current.com');\" href=\"http:\/\/www.current.com\/\">Current Italy<\/a>.  Insieme a <a href=\"http:\/\/www.liviacolare.com\/it\/\">Livia<\/a> mi occuper\u00f2 dell\u2019Online, una parte davvero consistente della filosofia Current.<br \/>\n&#8230;<br \/>\nQuesto progetto per\u00f2 \u00e8 stupendo. Il team \u00e8 fantastico. Gli studi sono eccezionali. Il \u201c<a href=\"http:\/\/tommaso.tessarolo.it\/\">capo<\/a>\u201d \u00e8 un genio. Per me un punto di partenza davvero importante ed io sono orgoglioso di farne parte<\/p>\n<p>Abbiamo trovato le prime<a href=\"http:\/\/current.com\/it.htm\"> tracce italiane di Current<\/a><\/p><\/blockquote>\n<p>Ci avete trovati&#8230; O Quasi&#8230; In realt\u00e0 ancora non esistiamo in Italia, ma \u00e8 giunto il momento di fare conoscenza.<\/p>\n<p><img loading=\"lazy\" decoding=\"async\" class=\"alignright\" style=\"float: right;\" src=\"http:\/\/i.current.com\/images\/barca\/white\/textures\/vc2Banner_it.jpg\" alt=\"\" width=\"204\" height=\"290\" \/> Siamo un canale satellitare e via cavo internazionale studiato per dare a Voi, il pubblico, la possibilit\u00e0 di creare e controllare i programmi mandati in onda in televisione. Siamo partiti nel 2005 negli Stati Uniti&#8230; e approderemo in Italia ad aprile su SKY.<br \/>\nPi\u00f9 del trenta percento della nostra programmazione \u00e8 VC2, ovvero creata dalla comunit\u00e0 di video maker indipendenti.<\/p>\n<p>Tutto il materiale \u00e8 tratto dalla vita reale e copre praticamente tutti i temi: dalle ultime tendenze in fatto di moda, tecnologia e musica alle problematiche mondiali pi\u00f9 serie.<br \/>\nI pezzi che mandiamo in onda (che noi chiamiamo \u201cpod\u201d) sono di breve formato; solitamente durano dai tre ai cinque minuti. Date un\u2019occhiatina con il player alla vostra sinistra. Se avete qualcosa da dire, noi vogliamo sentirla e cos\u00ec altri 4,5 milioni di  famiglie che aprile dal prossimo mese di maggio avranno Current.<\/p>\n","protected":false},"excerpt":{"rendered":"<p>Grazie alle tracce lasciate in rete da un prestigioso lucano torinese che ha trovato felice approdo nell&#8217;avventura di Current Ho aspettato a rendere nota la notizia per scaramanzia, ma ora \u00e8 ufficiale. Sono ufficialmente un dipendente di Current Italy. Insieme a Livia mi occuper\u00f2 dell\u2019Online, una parte davvero consistente della filosofia Current. &#8230; Questo progetto &#8230; <a title=\"Current TV in arrivo per l&#8217;atteso 8 maggio\" class=\"read-more\" href=\"https:\/\/www.pasteris.it\/blog\/2008\/04\/28\/current-tv-in-arrivo-per-latteso-8-maggio\/\" aria-label=\"Per saperne di pi\u00f9 su Current TV in arrivo per l&#8217;atteso 8 maggio\">Leggi tutto<\/a><\/p>\n","protected":false},"author":4,"featured_media":0,"comment_status":"open","ping_status":"open","sticky":false,"template":"","format":"standard","meta":{"footnotes":""},"categories":[],"tags":[415,2157,138,61,233,237,309,1111,332,354],"class_list":["post-3453","post","type-post","status-publish","format-standard","hentry","tag-arte","tag-blog","tag-flickr","tag-italia","tag-mondiali","tag-musica","tag-sinistra","tag-skyitalia","tag-televisione","tag-video"],"_links":{"self":[{"href":"https:\/\/www.pasteris.it\/blog\/wp-json\/wp\/v2\/posts\/3453","targetHints":{"allow":["GET"]}}],"collection":[{"href":"https:\/\/www.pasteris.it\/blog\/wp-json\/wp\/v2\/posts"}],"about":[{"href":"https:\/\/www.pasteris.it\/blog\/wp-json\/wp\/v2\/types\/post"}],"author":[{"embeddable":true,"href":"https:\/\/www.pasteris.it\/blog\/wp-json\/wp\/v2\/users\/4"}],"replies":[{"embeddable":true,"href":"https:\/\/www.pasteris.it\/blog\/wp-json\/wp\/v2\/comments?post=3453"}],"version-history":[{"count":0,"href":"https:\/\/www.pasteris.it\/blog\/wp-json\/wp\/v2\/posts\/3453\/revisions"}],"wp:attachment":[{"href":"https:\/\/www.pasteris.it\/blog\/wp-json\/wp\/v2\/media?parent=3453"}],"wp:term":[{"taxonomy":"category","embeddable":true,"href":"https:\/\/www.pasteris.it\/blog\/wp-json\/wp\/v2\/categories?post=3453"},{"taxonomy":"post_tag","embeddable":true,"href":"https:\/\/www.pasteris.it\/blog\/wp-json\/wp\/v2\/tags?post=3453"}],"curies":[{"name":"wp","href":"https:\/\/api.w.org\/{rel}","templated":true}]}}