{"id":34539,"date":"2018-09-13T15:29:28","date_gmt":"2018-09-13T13:29:28","guid":{"rendered":"http:\/\/www.pasteris.it\/blog\/?p=34539"},"modified":"2018-09-13T16:23:36","modified_gmt":"2018-09-13T14:23:36","slug":"domenica-23-settembre-il-materacamp-2018-e-volendo-materadio-la-festa-di-radio3","status":"publish","type":"post","link":"https:\/\/www.pasteris.it\/blog\/2018\/09\/13\/domenica-23-settembre-il-materacamp-2018-e-volendo-materadio-la-festa-di-radio3\/","title":{"rendered":"Domenica 23 settembre il MateraCamp 2018 e volendo Materadio, la Festa di Radio3"},"content":{"rendered":"<p>Il MateraCamp 2018 si terr\u00e0 Domenica 23 Settembre presso il Vicolo Cieco, in via Fiorentini 74 a Matera , prossima Capitale Europea della Cultura. Lo spirito \u00e8 sempre lo stesso: lasciare da parte i fronzoli e le formalit\u00e0 e puntare al cuore dei contenuti, tra non-conferenze e interstizi.<!--more--><br \/>\nIl primo BarCamp organizzato al Sud Italia \u00e8 stato a Matera nel 2007. A distanza di 11 anni vogliamo rincontrarci per fare il punto e parlare di futuro. Il MateraCamp nasce dal desiderio di condividere e apprendere in un ambiente aperto e libero. \u00c8 un evento intenso con presentazioni, discussioni e molta interazione tra i partecipanti. Chiunque abbia qualcosa da condividere o il desiderio di imparare \u00e8 benvenuto!<\/p>\n<p>Il 21-22-23 Settembre prossimi, si terr\u00e0 anche l\u2019edizione 2018 di Materadio, la Festa di Radio3 nella citt\u00e0 capitale europea della cultura 2019. Materadio \u00e8 una tre giorni magica in cui la radio ed il suo fascino prendono possesso della citt\u00e0 insieme a molti artisti.<br \/>\nTutti i partecipanti del MateraCamp quindi potranno seguire anche Materadio e viceversa, ma il consiglio che vi diamo \u00e8 che se non l&#8217;avete ancora fatto vi conviene prenotare quanto prima un posto dove dormire.<\/p>\n<p>Ci vediamo a Matera<\/p>\n","protected":false},"excerpt":{"rendered":"<p>Il MateraCamp 2018 si terr\u00e0 Domenica 23 Settembre presso il Vicolo Cieco, in via Fiorentini 74 a Matera , prossima Capitale Europea della Cultura. Lo spirito \u00e8 sempre lo stesso: lasciare da parte i fronzoli e le formalit\u00e0 e puntare al cuore dei contenuti, tra non-conferenze e interstizi.<\/p>\n","protected":false},"author":3,"featured_media":34540,"comment_status":"open","ping_status":"open","sticky":false,"template":"","format":"standard","meta":{"footnotes":""},"categories":[424],"tags":[63,865],"class_list":["post-34539","post","type-post","status-publish","format-standard","has-post-thumbnail","hentry","category-personale","tag-barcamp","tag-matera"],"_links":{"self":[{"href":"https:\/\/www.pasteris.it\/blog\/wp-json\/wp\/v2\/posts\/34539","targetHints":{"allow":["GET"]}}],"collection":[{"href":"https:\/\/www.pasteris.it\/blog\/wp-json\/wp\/v2\/posts"}],"about":[{"href":"https:\/\/www.pasteris.it\/blog\/wp-json\/wp\/v2\/types\/post"}],"author":[{"embeddable":true,"href":"https:\/\/www.pasteris.it\/blog\/wp-json\/wp\/v2\/users\/3"}],"replies":[{"embeddable":true,"href":"https:\/\/www.pasteris.it\/blog\/wp-json\/wp\/v2\/comments?post=34539"}],"version-history":[{"count":3,"href":"https:\/\/www.pasteris.it\/blog\/wp-json\/wp\/v2\/posts\/34539\/revisions"}],"predecessor-version":[{"id":34543,"href":"https:\/\/www.pasteris.it\/blog\/wp-json\/wp\/v2\/posts\/34539\/revisions\/34543"}],"wp:featuredmedia":[{"embeddable":true,"href":"https:\/\/www.pasteris.it\/blog\/wp-json\/wp\/v2\/media\/34540"}],"wp:attachment":[{"href":"https:\/\/www.pasteris.it\/blog\/wp-json\/wp\/v2\/media?parent=34539"}],"wp:term":[{"taxonomy":"category","embeddable":true,"href":"https:\/\/www.pasteris.it\/blog\/wp-json\/wp\/v2\/categories?post=34539"},{"taxonomy":"post_tag","embeddable":true,"href":"https:\/\/www.pasteris.it\/blog\/wp-json\/wp\/v2\/tags?post=34539"}],"curies":[{"name":"wp","href":"https:\/\/api.w.org\/{rel}","templated":true}]}}