{"id":34845,"date":"2019-03-17T18:59:34","date_gmt":"2019-03-17T16:59:34","guid":{"rendered":"http:\/\/www.pasteris.it\/blog\/?p=34845"},"modified":"2019-03-18T03:11:37","modified_gmt":"2019-03-18T01:11:37","slug":"partono-il-25-marzo-a-roma-gli-stati-generali-delleditoria","status":"publish","type":"post","link":"https:\/\/www.pasteris.it\/blog\/2019\/03\/17\/partono-il-25-marzo-a-roma-gli-stati-generali-delleditoria\/","title":{"rendered":"Partono il 25 marzo a Roma gli Stati Generali dell&#8217;Editoria"},"content":{"rendered":"<p>Partono il 25 marzo gli <a href=\"http:\/\/www.pasteris.it\/blog\/2019\/02\/16\/verso-gli-stati-generali-dellinformazione-e-delleditoria-in-italia-con-presente-tutta-la-filiera-compresi-i-cittadini\/\">Stati Generali dell&#8217;Editoria<\/a>,\u00a0 voluti dal Presidente del Consiglio, Giuseppe Conte e organizzati dal Sottosegretario di Stato con <a href=\"https:\/\/informazioneeditoria.gov.it\/\">delega all&#8217;informazione e all&#8217;editoria<\/a>, Vito Crimi. <!--more--><\/p>\n<p>La cerimonia di apertura, prevista per il 25 marzo alle ore 9.00 presso la Sala Polifunzionale della Presidenza del Consiglio dei Ministri, prevende l&#8217;intervento del premier Conte e una tavola rotonda moderata dal Capo Dipartimento per l&#8217;Informazione e l&#8217;Editoria Ferruccio Sepe, alla quale prenderanno parte i presidenti di Federazione Italiana Editori Giornali, Federazione Nazionale Stampa Italiana e Ordine dei Giornalisti, Associazione Nazionale Stampa Online, Unione Stampa Periodica Italiana, Utenti Pubblicit\u00e0 Associati. Associazione Nazionale Stampa Online.<\/p>\n<p>Dopo l&#8217;inaugurazione, nelle settimane successive si aprir\u00e0 la fase di consultazione pubblica in cui chiunque potr\u00e0 avanzare le proprie proposte all&#8217;interno di cinque aree tematiche : cittadini, distribuzione, mercato, giornalisti e agenzie di stampa,\u00a0 e raccogliere spunti dalla parte pi\u00f9 significativa di interlocutori del settore con l&#8217;obiettivo del\u00a0 rinnovamento di un settore strategico come quello dell&#8217;editoria. Al termine delle consultazioni verr\u00e0 presentato un documento finale completo, frutto del lavoro condiviso di tutte le parti coinvolte. Una prima parte della consultazione\u00a0 si svolger\u00e0 online ed una seconda con confronti diretti, con l&#8217;obiettivo di arrivare a uno o pi\u00f9 disegni di legge. A prparare la sintesi tra le varie proposte che saranno presentate sar\u00e0 il Dipartimento per l&#8217;Informazione e l&#8217;Editoria.<\/p>\n","protected":false},"excerpt":{"rendered":"<p>Partono il 25 marzo gli Stati Generali dell&#8217;Editoria,\u00a0 voluti dal Presidente del Consiglio, Giuseppe Conte e organizzati dal Sottosegretario di Stato con delega all&#8217;informazione e all&#8217;editoria, Vito Crimi.<\/p>\n","protected":false},"author":3,"featured_media":34846,"comment_status":"open","ping_status":"open","sticky":false,"template":"","format":"standard","meta":{"footnotes":""},"categories":[424],"tags":[121,2494,2476,2913,2690],"class_list":["post-34845","post","type-post","status-publish","format-standard","has-post-thumbnail","hentry","category-personale","tag-editoria","tag-generali","tag-marzo","tag-partono","tag-stati"],"_links":{"self":[{"href":"https:\/\/www.pasteris.it\/blog\/wp-json\/wp\/v2\/posts\/34845","targetHints":{"allow":["GET"]}}],"collection":[{"href":"https:\/\/www.pasteris.it\/blog\/wp-json\/wp\/v2\/posts"}],"about":[{"href":"https:\/\/www.pasteris.it\/blog\/wp-json\/wp\/v2\/types\/post"}],"author":[{"embeddable":true,"href":"https:\/\/www.pasteris.it\/blog\/wp-json\/wp\/v2\/users\/3"}],"replies":[{"embeddable":true,"href":"https:\/\/www.pasteris.it\/blog\/wp-json\/wp\/v2\/comments?post=34845"}],"version-history":[{"count":2,"href":"https:\/\/www.pasteris.it\/blog\/wp-json\/wp\/v2\/posts\/34845\/revisions"}],"predecessor-version":[{"id":34848,"href":"https:\/\/www.pasteris.it\/blog\/wp-json\/wp\/v2\/posts\/34845\/revisions\/34848"}],"wp:featuredmedia":[{"embeddable":true,"href":"https:\/\/www.pasteris.it\/blog\/wp-json\/wp\/v2\/media\/34846"}],"wp:attachment":[{"href":"https:\/\/www.pasteris.it\/blog\/wp-json\/wp\/v2\/media?parent=34845"}],"wp:term":[{"taxonomy":"category","embeddable":true,"href":"https:\/\/www.pasteris.it\/blog\/wp-json\/wp\/v2\/categories?post=34845"},{"taxonomy":"post_tag","embeddable":true,"href":"https:\/\/www.pasteris.it\/blog\/wp-json\/wp\/v2\/tags?post=34845"}],"curies":[{"name":"wp","href":"https:\/\/api.w.org\/{rel}","templated":true}]}}