{"id":3490,"date":"2008-04-28T21:01:23","date_gmt":"2008-04-28T19:01:23","guid":{"rendered":"http:\/\/www.pasteris.it\/blog\/?p=3490"},"modified":"2008-04-28T22:08:16","modified_gmt":"2008-04-28T20:08:16","slug":"foodcamp-howto","status":"publish","type":"post","link":"https:\/\/www.pasteris.it\/blog\/2008\/04\/28\/foodcamp-howto\/","title":{"rendered":"FoodCamp howto"},"content":{"rendered":"<p><img loading=\"lazy\" decoding=\"async\" class=\"alignright\" style=\"float: right;\" src=\"http:\/\/barcamp.org\/f\/foodcamplogo-v-01-500px.jpg\" alt=\"\" width=\"304\" height=\"91\" \/>Qualche info utile per il <a href=\"http:\/\/barcamp.org\/FoodCamp\">FoodCamp<\/a> diramata da <a href=\"http:\/\/antoniotombolini.simplicissimus.it\/\">Antonio<\/a><\/p>\n<ul>\n<li>Marted\u00ec 29 si arriva da tarda mattinata a sera. Il primo ritrovo ufficiale sar\u00e0 la sera del 29 alle 19.00. presso il Punto di Ritrovo BarCamp che funger\u00e0 da Quartier Generale della segreteria\/accoglienza\/organizzazione a cui tutti ci riferiremo.<\/li>\n<li>Presso il Punto di Ritrovo BarCamp ci sar\u00e0 la Bacheca, ovvero un tabellone per il giorno 30 aprile e uno per il 1 maggio, dove appiccicare i post-it con gli interventi di quelli che li vorranno fare .<\/li>\n<li>I lavori del BarCamp si avvieranno alle 10 del mattino del 30 aprile, proseguiranno fino a cena.<\/li>\n<li>I lavori del 1 maggio occuperanno la mattinata e si concluderanno col pranzo del 1 maggio<\/li>\n<\/ul>\n<p>Qualche tema sul tavolo da discutere<\/p>\n<ul>\n<li>Internet, ecommerce e food<\/li>\n<li>L&#8217;informazione &#8220;alternativa&#8221; che funziona in rete, funziona anche per il food?<\/li>\n<\/ul>\n","protected":false},"excerpt":{"rendered":"<p>Qualche info utile per il FoodCamp diramata da Antonio Marted\u00ec 29 si arriva da tarda mattinata a sera. Il primo ritrovo ufficiale sar\u00e0 la sera del 29 alle 19.00. presso il Punto di Ritrovo BarCamp che funger\u00e0 da Quartier Generale della segreteria\/accoglienza\/organizzazione a cui tutti ci riferiremo. Presso il Punto di Ritrovo BarCamp ci sar\u00e0 &#8230; <a title=\"FoodCamp howto\" class=\"read-more\" href=\"https:\/\/www.pasteris.it\/blog\/2008\/04\/28\/foodcamp-howto\/\" aria-label=\"Per saperne di pi\u00f9 su FoodCamp howto\">Leggi tutto<\/a><\/p>\n","protected":false},"author":4,"featured_media":0,"comment_status":"open","ping_status":"open","sticky":false,"template":"","format":"standard","meta":{"footnotes":""},"categories":[],"tags":[415,63,143,176,2155,308,382],"class_list":["post-3490","post","type-post","status-publish","format-standard","hentry","tag-arte","tag-barcamp","tag-food","tag-informazione","tag-internet","tag-simplicissimus","tag-tav"],"_links":{"self":[{"href":"https:\/\/www.pasteris.it\/blog\/wp-json\/wp\/v2\/posts\/3490","targetHints":{"allow":["GET"]}}],"collection":[{"href":"https:\/\/www.pasteris.it\/blog\/wp-json\/wp\/v2\/posts"}],"about":[{"href":"https:\/\/www.pasteris.it\/blog\/wp-json\/wp\/v2\/types\/post"}],"author":[{"embeddable":true,"href":"https:\/\/www.pasteris.it\/blog\/wp-json\/wp\/v2\/users\/4"}],"replies":[{"embeddable":true,"href":"https:\/\/www.pasteris.it\/blog\/wp-json\/wp\/v2\/comments?post=3490"}],"version-history":[{"count":0,"href":"https:\/\/www.pasteris.it\/blog\/wp-json\/wp\/v2\/posts\/3490\/revisions"}],"wp:attachment":[{"href":"https:\/\/www.pasteris.it\/blog\/wp-json\/wp\/v2\/media?parent=3490"}],"wp:term":[{"taxonomy":"category","embeddable":true,"href":"https:\/\/www.pasteris.it\/blog\/wp-json\/wp\/v2\/categories?post=3490"},{"taxonomy":"post_tag","embeddable":true,"href":"https:\/\/www.pasteris.it\/blog\/wp-json\/wp\/v2\/tags?post=3490"}],"curies":[{"name":"wp","href":"https:\/\/api.w.org\/{rel}","templated":true}]}}