{"id":35005,"date":"2019-07-13T14:53:54","date_gmt":"2019-07-13T12:53:54","guid":{"rendered":"http:\/\/www.pasteris.it\/blog\/?p=35005"},"modified":"2019-07-13T14:53:54","modified_gmt":"2019-07-13T12:53:54","slug":"lo-scippo-allinps-per-salvare-inutilmente-inpgi-nel-silenzio-dellinformazione-italiana","status":"publish","type":"post","link":"https:\/\/www.pasteris.it\/blog\/2019\/07\/13\/lo-scippo-allinps-per-salvare-inutilmente-inpgi-nel-silenzio-dellinformazione-italiana\/","title":{"rendered":"Lo scippo all\u2019Inps per salvare inutilmente INPGI nel silenzio dell&#8217;informazione italiana"},"content":{"rendered":"<div class=\"sixteen columns mt0\">\n<div class=\"bkp-frame-wrapper\">\n<div class=\"bkp-frame single-page-frame aggiunta\"><\/div>\n<\/div>\n<\/div>\n<div class=\"clear\"><a href=\"https:\/\/www.lavoce.info\/archives\/60176\/quello-scippo-allinps-passato-sotto-silenzio\/\">L&#8217;ex presidente dell&#8217;INPS Tito Boeri definisce su LaVoce.info<\/a> <em>uno scippo<\/em> il tentativo di accorpare i comunicatori professionali nell&#8217;INPGI permettendo ancora per qualche anno le pensioni d&#8217;oro per una casta di giornalisti e non risolvendo i <em>problemi dell\u2019Inpgi, mal gestito da anni. Boeri annota anche il silenzio (complice) dell&#8217;informazione italiana sulla vicenda.<\/em><\/div>\n<p><!--more--><\/p>\n<div><\/div>\n<div>\n<blockquote><p>Con il \u201cdecreto crescita\u201d i \u201ccomunicatori professionali\u201d sono passati dall\u2019Inps all\u2019Inpgi, la cassa dei giornalisti. Il risultato \u00e8 un aumento del deficit del sistema previdenziale pubblico, senza risolvere i problemi dell\u2019Inpgi, mal gestito da anni.<\/p>\n<p>Lo scippo paventato in pi\u00f9 occasioni si \u00e8 consumato nel \u201cdecreto crescita\u201d. I cosiddetti \u201ccomunicatori professionali\u201d sono passati dall\u2019Inps all\u2019Inpgi, la cassa dei giornalisti che versa in pessime condizioni finanziarie. Il risultato \u00e8 quello di aumentare il deficit del sistema previdenziale pubblico e di allontanare la risoluzione degli stessi problemi dell\u2019Inpgi, che non pu\u00f2 che passare attraverso un drastico ridimensionamento delle pensioni in liquidazione.<\/p>\n<p>Il cosiddetto \u201cdecreto crescita\u201d, convertito in legge nel luglio 2019, contiene molti provvedimenti che non hanno nulla, ma proprio nulla, a che vedere con la crescita. Tra questi una norma che non doveva passare inosservata, anche perch\u00e9 interessa direttamente chi fa informazione, la categoria dei giornalisti, ma di cui nessuno ha parlato. Il silenzio pi\u00f9 fragoroso, per\u00f2, \u00e8 quello dell\u2019Inps, principale vittima dell\u2019operazione, perch\u00e9 perder\u00e0 almeno 17 mila contribuenti, creando un pericoloso precedente e allontanando il risanamento di una cassa che rischia di venire trasferita all\u2019ente previdenziale pubblico solo dopo che avr\u00e0 accumulato ingenti debiti. Non era la prima volta che il provvedimento veniva presentato ai vertici dell\u2019Inps, che in passato avevano espresso la loro ferma contrariet\u00e0. E certo l\u2019Inps non era all\u2019oscuro dell\u2019operazione, tant\u2019\u00e8 che una relazione tecnica \u00e8 stata chiesta ai suoi uffici e l\u2019Istituto ha pure istruito la discussione parlamentare del provvedimento. Ma non ha voluto far sentire la sua voce a tutela di chi versa i contributi all\u2019Inps.<\/p>\n<p>L\u2019articolo 16-quinquies del <a href=\"https:\/\/www.gazzettaufficiale.it\/eli\/gu\/2019\/06\/29\/151\/so\/26\/sg\/pdf#page=114\" target=\"_blank\" rel=\"noopener\">decreto crescita<\/a> prevede che nel giro di 18 mesi si allarghi la platea dei contribuenti Inpgi. Anche se il testo non li menziona direttamente, le bozze iniziali e le relazioni tecniche ponevano sull\u2019altare sacrificale i cosiddetti \u201ccomunicatori professionali\u201d (portavoce, addetti alle pubbliche relazioni e cos\u00ec via) delle imprese pubbliche e private. Si tratterebbe di 17 mila persone, di cui 9 mila dipendenti privati, 5 mila pubblici e 3 mila lavoratori autonomi, con retribuzioni medie di circa 25 mila euro. Potrebbero per\u00f2 essere di pi\u00f9 perch\u00e9 la legge fa riferimento a un ammanco per le casse dell\u2019Inps di circa 200 milioni (che verr\u00e0 messo a carico di tutti coloro che pagano le tasse). Non ci risulta che i diretti interessati abbiano avuto la possibilit\u00e0 di esprimersi. Peccato, perch\u00e9 si dovranno caricare sulle spalle le pensioni dei giornalisti, molto pi\u00f9 ricche di quelle cui loro stessi potranno mai aspirare (una pensione Inpgi su tre oggi vale pi\u00f9 di 5 mila euro) per un costo di 570 milioni all\u2019anno.<\/p><\/blockquote>\n<\/div>\n","protected":false},"excerpt":{"rendered":"<p>L&#8217;ex presidente dell&#8217;INPS Tito Boeri definisce su LaVoce.info uno scippo il tentativo di accorpare i comunicatori professionali nell&#8217;INPGI permettendo ancora per qualche anno le pensioni d&#8217;oro per una casta di giornalisti e non risolvendo i problemi dell\u2019Inpgi, mal gestito da anni. Boeri annota anche il silenzio (complice) dell&#8217;informazione italiana sulla vicenda.<\/p>\n","protected":false},"author":3,"featured_media":0,"comment_status":"open","ping_status":"open","sticky":false,"template":"","format":"standard","meta":{"footnotes":""},"categories":[17,1],"tags":[],"class_list":["post-35005","post","type-post","status-publish","format-standard","hentry","category-economia","category-politica"],"_links":{"self":[{"href":"https:\/\/www.pasteris.it\/blog\/wp-json\/wp\/v2\/posts\/35005","targetHints":{"allow":["GET"]}}],"collection":[{"href":"https:\/\/www.pasteris.it\/blog\/wp-json\/wp\/v2\/posts"}],"about":[{"href":"https:\/\/www.pasteris.it\/blog\/wp-json\/wp\/v2\/types\/post"}],"author":[{"embeddable":true,"href":"https:\/\/www.pasteris.it\/blog\/wp-json\/wp\/v2\/users\/3"}],"replies":[{"embeddable":true,"href":"https:\/\/www.pasteris.it\/blog\/wp-json\/wp\/v2\/comments?post=35005"}],"version-history":[{"count":2,"href":"https:\/\/www.pasteris.it\/blog\/wp-json\/wp\/v2\/posts\/35005\/revisions"}],"predecessor-version":[{"id":35007,"href":"https:\/\/www.pasteris.it\/blog\/wp-json\/wp\/v2\/posts\/35005\/revisions\/35007"}],"wp:attachment":[{"href":"https:\/\/www.pasteris.it\/blog\/wp-json\/wp\/v2\/media?parent=35005"}],"wp:term":[{"taxonomy":"category","embeddable":true,"href":"https:\/\/www.pasteris.it\/blog\/wp-json\/wp\/v2\/categories?post=35005"},{"taxonomy":"post_tag","embeddable":true,"href":"https:\/\/www.pasteris.it\/blog\/wp-json\/wp\/v2\/tags?post=35005"}],"curies":[{"name":"wp","href":"https:\/\/api.w.org\/{rel}","templated":true}]}}