{"id":35012,"date":"2019-07-26T04:10:28","date_gmt":"2019-07-26T02:10:28","guid":{"rendered":"http:\/\/www.pasteris.it\/blog\/?p=35012"},"modified":"2019-07-26T04:11:41","modified_gmt":"2019-07-26T02:11:41","slug":"una-proposta-di-legge-contro-le-querele-temerarie","status":"publish","type":"post","link":"https:\/\/www.pasteris.it\/blog\/2019\/07\/26\/una-proposta-di-legge-contro-le-querele-temerarie\/","title":{"rendered":"Una proposta di legge contro le Querele Temerarie"},"content":{"rendered":"<p>\u00c8 stata presentata a fine marzo e stampata lo scorso 3 luglio <a href=\"http:\/\/www.genteditalia.org\/2019\/07\/11\/nuova-proposta-di-legge-del-mov5stelle-stop-al-carcere-per-i-giornalisti-e-alle-querele-temerarie\/\">la proposta di legge<\/a> a prima firma della deputata M5s<a href=\"https:\/\/www.mirellaliuzzi.it\/\"> Mirella Liuzzi<\/a>, e sottoscritta anche dalla collega Francesca Businarolo, presidente della commissione Giustizia di Montecitorio<\/p>\n<blockquote><p>La proposta di legge\u00a0 mira alla depenalizzazione del reato di diffamazione. \u00abInsieme alla collega Liuzzi abbiamo avviato questo lavoro per depenalizzare il reato di diffamazione gi\u00e0 nella scorsa legislatura quando, per incomprensibili motivi il parlamento, dopo diverse navette tra Camera e Senato, non \u00e8 riuscito a giungere al termine realizzando la tanto attesa riforma\u00bb, ricorda Businarolo. \u00abIl sistema dell&#8217;informazione in Italia ha molti problemi, a cominciare da quelli di carattere mondiale che riguardano la sfida delle nuove tecnologie, a quelli pi\u00f9 nostrani, ad esempio l&#8217;insistenza al racconto dei fatti basato sui retroscena o sugli &#8216;eroismi&#8217;, ma a parte questo \u00e8 indubbio che non si pu\u00f2 tollerare il carcere per i giornalisti\u00bb, spiega all&#8217;Agi la pentastellata.<\/p>\n<p>\u00abLe querele sono spesso non uno strumento di tutela effettiva della propria reputazione, che \u00e8 un diritto importante che il Codice penale assicura, ma piuttosto un mezzo di intimidazione: vengono usate, infatti, dai potenti o dai furbi. Per il giornalista che oltrepassa i limiti che \u00e8 tenuto a rispettare (verit\u00e0, continenza, interesse pubblico), c&#8217;\u00e8 gi\u00e0 la sanzione pecuniaria o la rettifica. Ma la pena detentiva \u00e8 senz&#8217;altro qualcosa che va al di l\u00e0 delle garanzie di chi si sente diffamata: \u00e8 uno strumento per intimidire e questo \u00e8 insopportabile\u00bb, conclude.<\/p>\n<p>Composta di tre articoli, la proposta mira innanzitutto ad applicare le norme della legge sulla stampa del &#8217;48 (&#8216;Sono considerate stampe o stampati, ai fini di questa legge, tutte le riproduzioni tipografiche o comunque ottenute con mezzi meccanici o fisico-chimici, in qualsiasi modo destinate alla pubblicazione&#8217;) anche &#8216;alle testate giornalistiche on line registrate, limitatamente ai contenuti prodotti, pubblicati, trasmessi o messi in rete dalle stesse redazioni, nonch\u00e9 alle testate giornalistiche radiotelevisive&#8217;, dando tre giorni di tempo alle testate on line per la pubblicazione della rettifica. Se non si provvede alla rettifica, la sanzione va da un minimo di &#8216;euro 8.000&#8217; a un massimo di &#8216;euro 16.000&#8217;.<\/p>\n<p>Quanto al &#8216;Risarcimento del danno&#8217;, viene aggiunto un articolo alle legge del &#8217;48 che dispone la prescrizione entro due anni: &#8216;Nella determinazione del danno derivante da diffamazione commessa con il mezzo della stampa o della radiotelevisione, il giudice tiene conto della diffusione quantitativa e della rilevanza nazionale o locale del mezzo di comunicazione usato per compiere il reato, della gravit\u00e0 dell&#8217;offesa, nonch\u00e9 dell&#8217;effetto riparatorio della pubblicazione e della diffusione della rettifica. Nei casi previsti dalla presente legge, l&#8217;azione civile per il risarcimento del danno alla reputazione si prescrive in due anni dalla pubblicazione&#8217;.<\/p>\n<p>Viene quindi eliminata la &#8216;riparazione pecuniaria&#8217; (&#8216;la persona offesa pu\u00f2 chiedere, oltre il risarcimento dei danni, una somma a titolo di riparazione. La somma \u00e8 determinata in relazione alla gravit\u00e0 dell&#8217;offesa ed alla diffusione dello stampato&#8217;, recita l&#8217;attuale normativa). Pilastro della proposta di legge la depenalizzazione della diffamazione: l&#8217;attuale normativa dispone che &#8216;nel caso di diffamazione commessa col mezzo della stampa, consistente nell&#8217;attribuzione di un fatto determinato, si applica la pena della reclusione da uno a sei anni e quella della multa non inferiore a lire 500.000&#8217;.<\/p>\n<p>La proposta M5s dispone invece una multa massima di 10mila euro e la pena accessoria della pubblicazione della sentenza. Viene inoltre modificato l&#8217;articolo 57 del codice penale. Tra le novit\u00e0, l&#8217;indicazione che &#8216;non si applica la pena accessoria dell&#8217;interdizione dalla professione di giornalista&#8217; e che il direttore responsabile &#8216;pu\u00f2 delegare, con atto scritto avente data certa e accettato dal delegato, le funzioni di controllo a uno o pi\u00f9 giornalisti professionisti idonei a svolgere le funzioni di vigilanza&#8217;.<\/p>\n<p>Infine, per quel che riguarda le querele &#8216;temerarie&#8217;, la proposta di legge dispone: &#8216;Nell&#8217;ambito dei giudizi di risarcimento del danno per fatti illeciti connessi alla violazione dell&#8217;onore, della reputazione o dell&#8217;immagine, anche commerciale, il giudice, quando rigetta, anche parzialmente, la domanda risarcitoria, condanna l&#8217;attore, anche d&#8217;ufficio, a versare al convenuto o a ciascuno dei convenuti un importo non inferiore, nel caso di rigetto integrale della domanda, alla met\u00e0 del danno richiesto e, nel caso di rigetto parziale, alla met\u00e0 della differenza tra il danno eventualmente accertato e quello richiesto&#8217;.<\/p><\/blockquote>\n","protected":false},"excerpt":{"rendered":"<p>\u00c8 stata presentata a fine marzo e stampata lo scorso 3 luglio la proposta di legge a prima firma della deputata M5s Mirella Liuzzi, e sottoscritta anche dalla collega Francesca Businarolo, presidente della commissione Giustizia di Montecitorio La proposta di legge\u00a0 mira alla depenalizzazione del reato di diffamazione. \u00abInsieme alla collega Liuzzi abbiamo avviato questo &#8230; <a title=\"Una proposta di legge contro le Querele Temerarie\" class=\"read-more\" href=\"https:\/\/www.pasteris.it\/blog\/2019\/07\/26\/una-proposta-di-legge-contro-le-querele-temerarie\/\" aria-label=\"Per saperne di pi\u00f9 su Una proposta di legge contro le Querele Temerarie\">Leggi tutto<\/a><\/p>\n","protected":false},"author":3,"featured_media":35013,"comment_status":"open","ping_status":"open","sticky":false,"template":"","format":"standard","meta":{"footnotes":""},"categories":[424],"tags":[2135],"class_list":["post-35012","post","type-post","status-publish","format-standard","has-post-thumbnail","hentry","category-personale","tag-diffamazione"],"_links":{"self":[{"href":"https:\/\/www.pasteris.it\/blog\/wp-json\/wp\/v2\/posts\/35012","targetHints":{"allow":["GET"]}}],"collection":[{"href":"https:\/\/www.pasteris.it\/blog\/wp-json\/wp\/v2\/posts"}],"about":[{"href":"https:\/\/www.pasteris.it\/blog\/wp-json\/wp\/v2\/types\/post"}],"author":[{"embeddable":true,"href":"https:\/\/www.pasteris.it\/blog\/wp-json\/wp\/v2\/users\/3"}],"replies":[{"embeddable":true,"href":"https:\/\/www.pasteris.it\/blog\/wp-json\/wp\/v2\/comments?post=35012"}],"version-history":[{"count":2,"href":"https:\/\/www.pasteris.it\/blog\/wp-json\/wp\/v2\/posts\/35012\/revisions"}],"predecessor-version":[{"id":35015,"href":"https:\/\/www.pasteris.it\/blog\/wp-json\/wp\/v2\/posts\/35012\/revisions\/35015"}],"wp:featuredmedia":[{"embeddable":true,"href":"https:\/\/www.pasteris.it\/blog\/wp-json\/wp\/v2\/media\/35013"}],"wp:attachment":[{"href":"https:\/\/www.pasteris.it\/blog\/wp-json\/wp\/v2\/media?parent=35012"}],"wp:term":[{"taxonomy":"category","embeddable":true,"href":"https:\/\/www.pasteris.it\/blog\/wp-json\/wp\/v2\/categories?post=35012"},{"taxonomy":"post_tag","embeddable":true,"href":"https:\/\/www.pasteris.it\/blog\/wp-json\/wp\/v2\/tags?post=35012"}],"curies":[{"name":"wp","href":"https:\/\/api.w.org\/{rel}","templated":true}]}}