{"id":3512,"date":"2008-05-03T01:38:40","date_gmt":"2008-05-02T23:38:40","guid":{"rendered":"http:\/\/www.pasteris.it\/blog\/?p=3512"},"modified":"2008-05-03T09:18:10","modified_gmt":"2008-05-03T07:18:10","slug":"materacamp-live","status":"publish","type":"post","link":"https:\/\/www.pasteris.it\/blog\/2008\/05\/03\/materacamp-live\/","title":{"rendered":"MateraCamp live"},"content":{"rendered":"<p><img loading=\"lazy\" decoding=\"async\" src=\"http:\/\/www.catepol.net\/wp-content\/uploads\/2008\/05\/manifesto.jpg\" alt=\"\" width=\"474\" height=\"675\" \/><\/p>\n<p>Ecco arrivato il giorno del <a href=\"http:\/\/materacamp.org\/\" target=\"_blank\">Materacamp<\/a>2008. Per quelli come il bloggante lontani dalla citt\u00e0 dei Sassi c\u00e8 la possiiblit\u00e0 di interagire con i presenti, attraverso la diretta video curata da <a href=\"http:\/\/www.videouno.it\/\" target=\"_blank\">Videouno<\/a> sul sito <a href=\"http:\/\/www.ilmiotg.it\/\" target=\"_blank\">IlMioTG<\/a>. Per messaggi testuali c&#8217;\u00e8 anche il <a href=\"http:\/\/twitter.com\/materacamp\" target=\"_blank\">canale Twitter<\/a> dedicato.<br \/>\nCi si legge domani.<\/p>\n","protected":false},"excerpt":{"rendered":"<p>Ecco arrivato il giorno del Materacamp2008. Per quelli come il bloggante lontani dalla citt\u00e0 dei Sassi c\u00e8 la possiiblit\u00e0 di interagire con i presenti, attraverso la diretta video curata da Videouno sul sito IlMioTG. Per messaggi testuali c&#8217;\u00e8 anche il canale Twitter dedicato. Ci si legge domani.<\/p>\n","protected":false},"author":4,"featured_media":0,"comment_status":"open","ping_status":"open","sticky":false,"template":"","format":"standard","meta":{"footnotes":""},"categories":[],"tags":[2157,551,344,354],"class_list":["post-3512","post","type-post","status-publish","format-standard","hentry","tag-blog","tag-legge","tag-twitter","tag-video"],"_links":{"self":[{"href":"https:\/\/www.pasteris.it\/blog\/wp-json\/wp\/v2\/posts\/3512","targetHints":{"allow":["GET"]}}],"collection":[{"href":"https:\/\/www.pasteris.it\/blog\/wp-json\/wp\/v2\/posts"}],"about":[{"href":"https:\/\/www.pasteris.it\/blog\/wp-json\/wp\/v2\/types\/post"}],"author":[{"embeddable":true,"href":"https:\/\/www.pasteris.it\/blog\/wp-json\/wp\/v2\/users\/4"}],"replies":[{"embeddable":true,"href":"https:\/\/www.pasteris.it\/blog\/wp-json\/wp\/v2\/comments?post=3512"}],"version-history":[{"count":0,"href":"https:\/\/www.pasteris.it\/blog\/wp-json\/wp\/v2\/posts\/3512\/revisions"}],"wp:attachment":[{"href":"https:\/\/www.pasteris.it\/blog\/wp-json\/wp\/v2\/media?parent=3512"}],"wp:term":[{"taxonomy":"category","embeddable":true,"href":"https:\/\/www.pasteris.it\/blog\/wp-json\/wp\/v2\/categories?post=3512"},{"taxonomy":"post_tag","embeddable":true,"href":"https:\/\/www.pasteris.it\/blog\/wp-json\/wp\/v2\/tags?post=3512"}],"curies":[{"name":"wp","href":"https:\/\/api.w.org\/{rel}","templated":true}]}}