{"id":35182,"date":"2020-10-08T04:06:54","date_gmt":"2020-10-08T02:06:54","guid":{"rendered":"http:\/\/www.pasteris.it\/blog\/?p=35182"},"modified":"2020-10-08T08:13:52","modified_gmt":"2020-10-08T06:13:52","slug":"il-pasticciaccio-del-concorsone-rai-del-10-ottobre-2020","status":"publish","type":"post","link":"https:\/\/www.pasteris.it\/blog\/2020\/10\/08\/il-pasticciaccio-del-concorsone-rai-del-10-ottobre-2020\/","title":{"rendered":"Il pasticciaccio del concorsone Rai del 10 ottobre 2020"},"content":{"rendered":"<p>Sabato 10 ottobre in teoria 3722 giornalisti dovrebbero trovarsi a Roma arrivando in automobile, treno, nave, aereo, monopattino o bicicletta da tutta Italia isole comprese per ambire a ben 90 posti nelle redazioni regionali della RAI. il concorso \u00e8 stato bandito nel giugno 2019 e per diverse ragioni si \u00e8 trascinato alla prima prova solo a inizio ottobre 2020.<\/p>\n<p>Ogni candidato doveva indicare, in fase di iscrizione al concorso in quale sede voleva essere assunto. Diverse sono quindi le probabilit\u00e0\u00a0 di essere assunti in base alla percentuale di candidati e di posti disponibili. Il miglior rapporto \u00e8 quello della sede di Bolzano il peggiore\u00a0 in Piemonte dove per 2 posti sono state presentate 181 candidature con un rapporto, quindi di 1 a 90. La sede pi\u00f9 richiesta \u00e8 stata, invece, la Campania con 447 domande. Alla prima fase della selezione saranno convocati tutti i candidati iscritti alla selezione stessa, mentre alla seconda e terza fase saranno ammessi i primi 270.<span id=\"article-body\"><\/span><\/p>\n<p>Tutto questo succede proprio nelle ore in cui il Governo ha propogato a fine gennaio 2021 lo stato di emergenza e reso piu intense le restrizioni sanitarie per la ripartenza della crescita dei contagi. Probabilmente molte saranno le azioni legali di giornalisti che si tuteleranno contro le infezioni, per esempio se fra i cittadini a rischio chiedendo comunque di partecipare in maniera sicura al concorso.<\/p>\n<p><span id=\"article-body\">I protocolli, prevedono l&#8217;utilizzo di sette padiglioni per poter mantenere distanze interpersonali tra i partecipanti superiori a quelle previste dalle attuali disposizioni anti Covid-19, con la misurazione della temperatura all&#8217;accesso che \u00e8 previsto con orari scaglionati in tre turni (9.00, 9.30, 10.00) e da due diversi ingressi (ingresso Est e ingresso Nord), per evitare l&#8217;assembramento dei candidati, che dovranno presentarsi con mascherina protettiva. Una volta all&#8217;interno della Fiera, i candidati saranno indirizzati verso il padiglione indicato nella lettera di convocazione attraverso sensi unici di marcia e con una distanza minima di almeno 1 metro dagli altri partecipanti. All&#8217;interno saranno dislocate colonnine di sanificazione delle mani e segnaletica sulle regole igienico sanitarie. I commissari e i segretari della prova indosseranno dispositivi di sicurezza e saranno schermati grazie ad una parete di plexiglass. Tra le postazioni sar\u00e0 garantita la distanza minima di 1 metro.<\/span><\/p>\n<p>E&#8217; per\u00f2 evidente che il problema non \u00e8 solo il test in quanto tale ad essere un importante fattore di rischio sanitario., ma a questo si aggiunge il fatto che tutti questi giornalisti dovranno viaggiare e probabilmente pernottare a Roma accrescendo esponenzialmente i rischi di contagio e di diffusione e circolazione del coronavirus.<\/p>\n<p>Si tratta di assegnazioni dirette alle redazioni locali per cui questa prima prova di selezione uguale per tutti si sarebbe potuta facilmente realizzare nelle singole sedi semplificando e velocizzando il tutto come fosse un test della maturit\u00e0 su uno stesso set di quesiti. Non si capisce perc\u00e0 non si \u00e8 agito in questo modo.<\/p>\n<p>Secondo il professor Matteo Bassetti, infettivologo di fama<span id=\"more-161807\"><\/span> internazionale, direttore dell\u2019Unit\u00e0 operativa clinica Malattie infettive dell\u2019Ospedale San Martino di Genova: &#8220;Il concorso Rai per giornalisti . Farlo sarebbe rischioso e contro ogni logica per un rischio contagio altissimo&#8221;.<\/p>\n<p>La senatrice di Forza Italia, Fiammetta Modena, membro della Commissione Giustizia. Per la parlamentare azzurra sostiene che : \u201cil concorso per giornalisti Rai, \u00e8 ormai un grosso problema nazionale tanto che ho presentato un\u2019interrogazione parlamentare al presidente del Consiglio, Giuseppe Conte, al ministro della salute, Roberto Speranza e al sottosegretario all\u2019Editoria, Andrea Martella .Tutte le grandi aziende di questo Paese hanno gi\u00e0 prolungato fino al 31 dicembre lo status di lavoro agile da casa, e la stessa Rai ha deciso prima delle altre in questa direzione con una direttiva gi\u00e0 inviata nelle settimane scorse ai propri dirigenti e dipendenti, lo Stato del diritto impone la sicurezza e la salvaguardia della sicurezza di ogni cittadino italiano, non si capisce il perch\u00e9 la Rai abbia deciso di tenere comunque il concorso programmato per l\u2019assunzione di 90 unit\u00e0 da destinare ai Tg regionali, ignorando che il numero dei partecipanti al concorso \u00e8 assolutamente esorbitante, quasi 4 mila concorrenti\u201d.<\/p>\n","protected":false},"excerpt":{"rendered":"<p>Sabato 10 ottobre in teoria 3722 giornalisti dovrebbero trovarsi a Roma arrivando in automobile, treno, nave, aereo, monopattino o bicicletta da tutta Italia isole comprese per ambire a ben 90 posti nelle redazioni regionali della RAI. il concorso \u00e8 stato bandito nel giugno 2019 e per diverse ragioni si \u00e8 trascinato alla prima prova solo &#8230; <a title=\"Il pasticciaccio del concorsone Rai del 10 ottobre 2020\" class=\"read-more\" href=\"https:\/\/www.pasteris.it\/blog\/2020\/10\/08\/il-pasticciaccio-del-concorsone-rai-del-10-ottobre-2020\/\" aria-label=\"Per saperne di pi\u00f9 su Il pasticciaccio del concorsone Rai del 10 ottobre 2020\">Leggi tutto<\/a><\/p>\n","protected":false},"author":3,"featured_media":35183,"comment_status":"open","ping_status":"open","sticky":false,"template":"","format":"standard","meta":{"footnotes":""},"categories":[30],"tags":[],"class_list":["post-35182","post","type-post","status-publish","format-standard","has-post-thumbnail","hentry","category-media"],"_links":{"self":[{"href":"https:\/\/www.pasteris.it\/blog\/wp-json\/wp\/v2\/posts\/35182","targetHints":{"allow":["GET"]}}],"collection":[{"href":"https:\/\/www.pasteris.it\/blog\/wp-json\/wp\/v2\/posts"}],"about":[{"href":"https:\/\/www.pasteris.it\/blog\/wp-json\/wp\/v2\/types\/post"}],"author":[{"embeddable":true,"href":"https:\/\/www.pasteris.it\/blog\/wp-json\/wp\/v2\/users\/3"}],"replies":[{"embeddable":true,"href":"https:\/\/www.pasteris.it\/blog\/wp-json\/wp\/v2\/comments?post=35182"}],"version-history":[{"count":3,"href":"https:\/\/www.pasteris.it\/blog\/wp-json\/wp\/v2\/posts\/35182\/revisions"}],"predecessor-version":[{"id":35186,"href":"https:\/\/www.pasteris.it\/blog\/wp-json\/wp\/v2\/posts\/35182\/revisions\/35186"}],"wp:featuredmedia":[{"embeddable":true,"href":"https:\/\/www.pasteris.it\/blog\/wp-json\/wp\/v2\/media\/35183"}],"wp:attachment":[{"href":"https:\/\/www.pasteris.it\/blog\/wp-json\/wp\/v2\/media?parent=35182"}],"wp:term":[{"taxonomy":"category","embeddable":true,"href":"https:\/\/www.pasteris.it\/blog\/wp-json\/wp\/v2\/categories?post=35182"},{"taxonomy":"post_tag","embeddable":true,"href":"https:\/\/www.pasteris.it\/blog\/wp-json\/wp\/v2\/tags?post=35182"}],"curies":[{"name":"wp","href":"https:\/\/api.w.org\/{rel}","templated":true}]}}