{"id":35200,"date":"2020-11-12T18:13:49","date_gmt":"2020-11-12T16:13:49","guid":{"rendered":"http:\/\/www.pasteris.it\/blog\/?p=35200"},"modified":"2020-11-12T18:18:28","modified_gmt":"2020-11-12T16:18:28","slug":"bilancio-inpgi-2020-un-rosso-di-253-milioni-di-euro","status":"publish","type":"post","link":"https:\/\/www.pasteris.it\/blog\/2020\/11\/12\/bilancio-inpgi-2020-un-rosso-di-253-milioni-di-euro\/","title":{"rendered":"Bilancio INPGI 2020: un rosso di 253 milioni di euro"},"content":{"rendered":"<p><a href=\"https:\/\/www.professionereporter.eu\/2020\/11\/linpgi-chiude-il-2020-con-253-milioni-di-disavanzo-facciamo-entrare-subito-i-comunicatori\/\">Via professione reporter<\/a><\/p>\n<blockquote>\n<p class=\"p1\"><span class=\"s1\">Il bilancio Inpgi 2020 si chiuder\u00e0 con un disavanzo di 253 milioni, il pi\u00f9 critico da sempre. Negli ultimi 5 anni si \u00e8 passati dall\u2019attivo di 9 milioni 410mila euro del 2016 al passivo di 100 milioni 613mila euro nel 2017, al rosso di 161milioni e 385mila euro nel 2018 e di 171milioni e 361mila euro nel 2019. Il preventivo per il 2021 sar\u00e0 altrettanto grave. Sono le notizie drammatiche che provengono dal Consiglio generale dell\u2019Inpgi, tenuto l\u201911 novembre.<\/span><\/p>\n<p class=\"p1\"><span class=\"s1\">I consiglieri di maggioranza hanno consegnato un documento agli interlocutori istituzionali ( Presidenza del Consiglio, sottosegretario all\u2019Editoria, Andrea Martella e ministeri vigilanti) alla luce del drammatico bilancio sia di assestamento che di previsione.<br \/>\n<\/span><\/p>\n<p class=\"p1\"><span class=\"s1\">L\u2019Inpgi ogni mese eroga 38 milioni per pensioni a fronte di 26 milioni di entrate. Nel 2021 si prevede che la spesa pensionistica sara\u2019 pari a 555,9 milioni a fronte di entrate per 353,1 milioni. Intanto gli attivi nei primi sei mesi del 2020 sono diminuiti di 750 unita\u2019 e le entrate per gestione patrimoniale sono state inferiori al previsto. Secondo i consiglieri di maggioranza se non ci sar\u00e0 l\u2019accelerazione per l\u2019ingresso dei comunicatori, l\u2019Inpgi sara\u2019 commissariato\u00a0e lo Stato si troverebbe di fronte a un buco di 600 milioni l\u2019anno.<\/span><\/p>\n<\/blockquote>\n","protected":false},"excerpt":{"rendered":"<p>Via professione reporter Il bilancio Inpgi 2020 si chiuder\u00e0 con un disavanzo di 253 milioni, il pi\u00f9 critico da sempre. Negli ultimi 5 anni si \u00e8 passati dall\u2019attivo di 9 milioni 410mila euro del 2016 al passivo di 100 milioni 613mila euro nel 2017, al rosso di 161milioni e 385mila euro nel 2018 e di &#8230; <a title=\"Bilancio INPGI 2020: un rosso di 253 milioni di euro\" class=\"read-more\" href=\"https:\/\/www.pasteris.it\/blog\/2020\/11\/12\/bilancio-inpgi-2020-un-rosso-di-253-milioni-di-euro\/\" aria-label=\"Per saperne di pi\u00f9 su Bilancio INPGI 2020: un rosso di 253 milioni di euro\">Leggi tutto<\/a><\/p>\n","protected":false},"author":3,"featured_media":0,"comment_status":"open","ping_status":"open","sticky":false,"template":"","format":"standard","meta":{"footnotes":""},"categories":[424],"tags":[],"class_list":["post-35200","post","type-post","status-publish","format-standard","hentry","category-personale"],"_links":{"self":[{"href":"https:\/\/www.pasteris.it\/blog\/wp-json\/wp\/v2\/posts\/35200","targetHints":{"allow":["GET"]}}],"collection":[{"href":"https:\/\/www.pasteris.it\/blog\/wp-json\/wp\/v2\/posts"}],"about":[{"href":"https:\/\/www.pasteris.it\/blog\/wp-json\/wp\/v2\/types\/post"}],"author":[{"embeddable":true,"href":"https:\/\/www.pasteris.it\/blog\/wp-json\/wp\/v2\/users\/3"}],"replies":[{"embeddable":true,"href":"https:\/\/www.pasteris.it\/blog\/wp-json\/wp\/v2\/comments?post=35200"}],"version-history":[{"count":3,"href":"https:\/\/www.pasteris.it\/blog\/wp-json\/wp\/v2\/posts\/35200\/revisions"}],"predecessor-version":[{"id":35203,"href":"https:\/\/www.pasteris.it\/blog\/wp-json\/wp\/v2\/posts\/35200\/revisions\/35203"}],"wp:attachment":[{"href":"https:\/\/www.pasteris.it\/blog\/wp-json\/wp\/v2\/media?parent=35200"}],"wp:term":[{"taxonomy":"category","embeddable":true,"href":"https:\/\/www.pasteris.it\/blog\/wp-json\/wp\/v2\/categories?post=35200"},{"taxonomy":"post_tag","embeddable":true,"href":"https:\/\/www.pasteris.it\/blog\/wp-json\/wp\/v2\/tags?post=35200"}],"curies":[{"name":"wp","href":"https:\/\/api.w.org\/{rel}","templated":true}]}}