{"id":3536,"date":"2008-05-06T05:58:01","date_gmt":"2008-05-06T03:58:01","guid":{"rendered":"http:\/\/www.pasteris.it\/blog\/?p=3536"},"modified":"2008-05-06T05:58:01","modified_gmt":"2008-05-06T03:58:01","slug":"il-tema-dietro-la-nuca","status":"publish","type":"post","link":"https:\/\/www.pasteris.it\/blog\/2008\/05\/06\/il-tema-dietro-la-nuca\/","title":{"rendered":"Il tema dietro la nuca"},"content":{"rendered":"<p>Via <a href=\"http:\/\/vittoriozambardino.repubblica.it\/zetavu\/2008\/05\/la-vita-dietro.html\">Zetavu<\/a><\/p>\n<blockquote><p><img loading=\"lazy\" decoding=\"async\" class=\"alignright\" style=\"float: right;\" src=\"http:\/\/upload.wikimedia.org\/wikipedia\/commons\/thumb\/4\/45\/Geisha-kyoto-2004-11-21.jpg\/230px-Geisha-kyoto-2004-11-21.jpg\" alt=\"\" width=\"153\" height=\"184\" \/> Non \u00e8 tanto il <a href=\"http:\/\/www.repubblica.it\/speciale\/poll\/2008\/economia\/contionline_risultato.html\" target=\"_blank\">consenso delle persone<\/a> quanto il complesso delle reazioni istituzionali, compresa <a href=\"http:\/\/www.repubblica.it\/2008\/04\/sezioni\/economia\/redditi-online\/codacons\/codacons.html\" target=\"_blank\">quella del Codacons,<\/a> che mi spinge a parlarne in ritardo. Il criterio che guida tutte queste reazioni \u00e8 l&#8217;ideologia risarcitoria con la quale si parla di privacy: tende a risarcire l&#8217;equilibrio infranto. Va alla ricerca del consenso e del potere di rappresentanza, invece che del governo della realt\u00e0 che la vita con internet \u00e8: la trasparenza \u00e8 costitutiva di questa realt\u00e0, possiamo dire di questo <em>presente? (<\/em>Forse il problema \u00e8 acquisire potere invece che &#8220;governare&#8221; il dato?).<\/p>\n<p>Viviamo in un presente dove la trasparenza \u00e8 il contenuto stesso del mezzo. Strana faccenda, che lo neghi chi del potere del mezzo si fa bandiera. Che poi le <em>conseguenze<\/em> vadano previste, pensate e trattate <em>regolando le forme della trasparenza<\/em> sul terreno della politica e del diritto \u00e8 il tema. Ma noi il tema ce l&#8217;abbiamo dietro la nuca, visto dove guardiamo.<\/p><\/blockquote>\n","protected":false},"excerpt":{"rendered":"<p>Via Zetavu Non \u00e8 tanto il consenso delle persone quanto il complesso delle reazioni istituzionali, compresa quella del Codacons, che mi spinge a parlarne in ritardo. Il criterio che guida tutte queste reazioni \u00e8 l&#8217;ideologia risarcitoria con la quale si parla di privacy: tende a risarcire l&#8217;equilibrio infranto. Va alla ricerca del consenso e del &#8230; <a title=\"Il tema dietro la nuca\" class=\"read-more\" href=\"https:\/\/www.pasteris.it\/blog\/2008\/05\/06\/il-tema-dietro-la-nuca\/\" aria-label=\"Per saperne di pi\u00f9 su Il tema dietro la nuca\">Leggi tutto<\/a><\/p>\n","protected":false},"author":4,"featured_media":0,"comment_status":"open","ping_status":"open","sticky":false,"template":"","format":"standard","meta":{"footnotes":""},"categories":[],"tags":[165,2155,2154,198,2168,274,284,286,382,26],"class_list":["post-3536","post","type-post","status-publish","format-standard","hentry","tag-governo","tag-internet","tag-politica","tag-libri","tag-media","tag-privacy","tag-repubblica","tag-ricerca","tag-tav","tag-vittorio"],"_links":{"self":[{"href":"https:\/\/www.pasteris.it\/blog\/wp-json\/wp\/v2\/posts\/3536","targetHints":{"allow":["GET"]}}],"collection":[{"href":"https:\/\/www.pasteris.it\/blog\/wp-json\/wp\/v2\/posts"}],"about":[{"href":"https:\/\/www.pasteris.it\/blog\/wp-json\/wp\/v2\/types\/post"}],"author":[{"embeddable":true,"href":"https:\/\/www.pasteris.it\/blog\/wp-json\/wp\/v2\/users\/4"}],"replies":[{"embeddable":true,"href":"https:\/\/www.pasteris.it\/blog\/wp-json\/wp\/v2\/comments?post=3536"}],"version-history":[{"count":0,"href":"https:\/\/www.pasteris.it\/blog\/wp-json\/wp\/v2\/posts\/3536\/revisions"}],"wp:attachment":[{"href":"https:\/\/www.pasteris.it\/blog\/wp-json\/wp\/v2\/media?parent=3536"}],"wp:term":[{"taxonomy":"category","embeddable":true,"href":"https:\/\/www.pasteris.it\/blog\/wp-json\/wp\/v2\/categories?post=3536"},{"taxonomy":"post_tag","embeddable":true,"href":"https:\/\/www.pasteris.it\/blog\/wp-json\/wp\/v2\/tags?post=3536"}],"curies":[{"name":"wp","href":"https:\/\/api.w.org\/{rel}","templated":true}]}}