{"id":3601,"date":"2008-05-14T15:38:05","date_gmt":"2008-05-14T13:38:05","guid":{"rendered":"http:\/\/www.pasteris.it\/blog\/?p=3601"},"modified":"2008-05-14T15:38:05","modified_gmt":"2008-05-14T13:38:05","slug":"alberi-e-papi","status":"publish","type":"post","link":"https:\/\/www.pasteris.it\/blog\/2008\/05\/14\/alberi-e-papi\/","title":{"rendered":"Alberi e papi"},"content":{"rendered":"<p>Via <a href=\"http:\/\/www.andreabeggi.net\/2008\/05\/13\/arriva-il-papa-a-genova-e-gli-alberi-spariscono\/v\">Andrea Beggi<\/a><\/p>\n<p><img loading=\"lazy\" decoding=\"async\" class=\"alignright\" style=\"float: right;\" src=\"http:\/\/farm3.static.flickr.com\/2094\/2489677033_a0d8eb7899_m.jpg\" alt=\"\" width=\"240\" height=\"180\" \/>Questo week-end il Papa \u00e8 in tourn\u00e9 a Genova e si sta allestendo un palco in Piazza Della Vittoria. Peccato che a farne le spese sono stati gli alberi che avevano la colpa di oscurare il palco da cui officer\u00e0 i suoi riti di massa.<\/p>\n<p>Il grande e largo spartitraffico in via Diaz \u00e8 diviso in tre sezioni: in quella a est davanti alla questura ho contato 7 alberi tagliati, e 5 nel lato ovest di fronte al Liceo D\u2019Oria. Nella sezione centrale non \u00e8 dato sapere, perch\u00e9 il prato \u00e8 stato coperto da un tavolato di legno.<\/p>\n","protected":false},"excerpt":{"rendered":"<p>Via Andrea Beggi Questo week-end il Papa \u00e8 in tourn\u00e9 a Genova e si sta allestendo un palco in Piazza Della Vittoria. Peccato che a farne le spese sono stati gli alberi che avevano la colpa di oscurare il palco da cui officer\u00e0 i suoi riti di massa. Il grande e largo spartitraffico in via &#8230; <a title=\"Alberi e papi\" class=\"read-more\" href=\"https:\/\/www.pasteris.it\/blog\/2008\/05\/14\/alberi-e-papi\/\" aria-label=\"Per saperne di pi\u00f9 su Alberi e papi\">Leggi tutto<\/a><\/p>\n","protected":false},"author":4,"featured_media":0,"comment_status":"open","ping_status":"open","sticky":false,"template":"","format":"standard","meta":{"footnotes":""},"categories":[],"tags":[471,138,155,389,36,382],"class_list":["post-3601","post","type-post","status-publish","format-standard","hentry","tag-alberi","tag-flickr","tag-genova","tag-office","tag-tag","tag-tav"],"_links":{"self":[{"href":"https:\/\/www.pasteris.it\/blog\/wp-json\/wp\/v2\/posts\/3601","targetHints":{"allow":["GET"]}}],"collection":[{"href":"https:\/\/www.pasteris.it\/blog\/wp-json\/wp\/v2\/posts"}],"about":[{"href":"https:\/\/www.pasteris.it\/blog\/wp-json\/wp\/v2\/types\/post"}],"author":[{"embeddable":true,"href":"https:\/\/www.pasteris.it\/blog\/wp-json\/wp\/v2\/users\/4"}],"replies":[{"embeddable":true,"href":"https:\/\/www.pasteris.it\/blog\/wp-json\/wp\/v2\/comments?post=3601"}],"version-history":[{"count":0,"href":"https:\/\/www.pasteris.it\/blog\/wp-json\/wp\/v2\/posts\/3601\/revisions"}],"wp:attachment":[{"href":"https:\/\/www.pasteris.it\/blog\/wp-json\/wp\/v2\/media?parent=3601"}],"wp:term":[{"taxonomy":"category","embeddable":true,"href":"https:\/\/www.pasteris.it\/blog\/wp-json\/wp\/v2\/categories?post=3601"},{"taxonomy":"post_tag","embeddable":true,"href":"https:\/\/www.pasteris.it\/blog\/wp-json\/wp\/v2\/tags?post=3601"}],"curies":[{"name":"wp","href":"https:\/\/api.w.org\/{rel}","templated":true}]}}