{"id":3604,"date":"2008-05-15T07:55:48","date_gmt":"2008-05-15T05:55:48","guid":{"rendered":"http:\/\/www.pasteris.it\/blog\/?p=3604"},"modified":"2008-05-15T07:58:20","modified_gmt":"2008-05-15T05:58:20","slug":"autocritica-democratica","status":"publish","type":"post","link":"https:\/\/www.pasteris.it\/blog\/2008\/05\/15\/autocritica-democratica\/","title":{"rendered":"Autocritica democratica"},"content":{"rendered":"<p>Via <a href=\"http:\/\/marcosimoni.wordpress.com\/2008\/05\/13\/il-post-che-preferivo-non-dover-scrivere\/\">Marco Simoni<\/a><\/p>\n<blockquote><p>Il governo Berlusconi ha una componente nuova, nel senso di una generazione non in prima fila fino a ieri, molto visibile e seria. Questa non \u00e8 una buona notizia, perch\u00e8 significa che l\u2019idea di Italia riassunta dalle personalit\u00e0 di Bossi, Berlusconi e Fini sta costruendo il proprio futuro. Nel campo del PD il mio giudizio \u00e8 che i tentativi di rinnovamento siano insufficienti, episodici, e molto poco visibili.<\/p>\n<p>&#8230;<\/p>\n<p>La nostra logica \u00e8 stata ingenua perch\u00e8 i fatti delle scorse settimane, la nomina del coordinamento e del governo ombra ci suggeriscono che non esiste alcuna attenzione per capacit\u00e0 di elaborazione politica e culturale, capacit\u00e0 di organizzare comunicazione, e anche di creare consenso, a meno che queste capacit\u00e0 non si facciano potere.<\/p>\n<p>Nel PD la preoccupazione largamente prevalente nelle azioni dei dirigenti \u00e8 quella dell\u2019equilibrio interno, equilibrio tra i gruppi di potere, o correnti, allo stato largamente personalistiche pi\u00f9 che culturali. Questa preoccupazione \u00e8 dominante su qualsiasi altra considerazione. In questo contesto, pensare di incidere sulla formazione e nella costruzione del partito per via della qualit\u00e0, delle competenze, e &#8211; insisto &#8211; di capacit\u00e0 politiche e comunicative oggettive (mai confondere il lavoro volontario con il lavoro amatoriale), si \u00e8 rivelata una illusione degna di miglior causa.<\/p><\/blockquote>\n","protected":false},"excerpt":{"rendered":"<p>Via Marco Simoni Il governo Berlusconi ha una componente nuova, nel senso di una generazione non in prima fila fino a ieri, molto visibile e seria. Questa non \u00e8 una buona notizia, perch\u00e8 significa che l\u2019idea di Italia riassunta dalle personalit\u00e0 di Bossi, Berlusconi e Fini sta costruendo il proprio futuro. Nel campo del PD &#8230; <a title=\"Autocritica democratica\" class=\"read-more\" href=\"https:\/\/www.pasteris.it\/blog\/2008\/05\/15\/autocritica-democratica\/\" aria-label=\"Per saperne di pi\u00f9 su Autocritica democratica\">Leggi tutto<\/a><\/p>\n","protected":false},"author":4,"featured_media":0,"comment_status":"open","ping_status":"open","sticky":false,"template":"","format":"standard","meta":{"footnotes":""},"categories":[],"tags":[69,534,453,165,2154,61,426,198,374],"class_list":["post-3604","post","type-post","status-publish","format-standard","hentry","tag-berlusconi","tag-cultura","tag-futuro","tag-governo","tag-politica","tag-italia","tag-lavoro","tag-libri","tag-wordpress"],"_links":{"self":[{"href":"https:\/\/www.pasteris.it\/blog\/wp-json\/wp\/v2\/posts\/3604","targetHints":{"allow":["GET"]}}],"collection":[{"href":"https:\/\/www.pasteris.it\/blog\/wp-json\/wp\/v2\/posts"}],"about":[{"href":"https:\/\/www.pasteris.it\/blog\/wp-json\/wp\/v2\/types\/post"}],"author":[{"embeddable":true,"href":"https:\/\/www.pasteris.it\/blog\/wp-json\/wp\/v2\/users\/4"}],"replies":[{"embeddable":true,"href":"https:\/\/www.pasteris.it\/blog\/wp-json\/wp\/v2\/comments?post=3604"}],"version-history":[{"count":0,"href":"https:\/\/www.pasteris.it\/blog\/wp-json\/wp\/v2\/posts\/3604\/revisions"}],"wp:attachment":[{"href":"https:\/\/www.pasteris.it\/blog\/wp-json\/wp\/v2\/media?parent=3604"}],"wp:term":[{"taxonomy":"category","embeddable":true,"href":"https:\/\/www.pasteris.it\/blog\/wp-json\/wp\/v2\/categories?post=3604"},{"taxonomy":"post_tag","embeddable":true,"href":"https:\/\/www.pasteris.it\/blog\/wp-json\/wp\/v2\/tags?post=3604"}],"curies":[{"name":"wp","href":"https:\/\/api.w.org\/{rel}","templated":true}]}}