{"id":3739,"date":"2008-06-02T08:37:11","date_gmt":"2008-06-02T06:37:11","guid":{"rendered":"http:\/\/www.pasteris.it\/blog\/?p=3739"},"modified":"2008-05-31T11:39:58","modified_gmt":"2008-05-31T09:39:58","slug":"la-canoa-mondiale-conquista-ivrea","status":"publish","type":"post","link":"https:\/\/www.pasteris.it\/blog\/2008\/06\/02\/la-canoa-mondiale-conquista-ivrea\/","title":{"rendered":"La canoa mondiale conquista Ivrea"},"content":{"rendered":"<p><img loading=\"lazy\" decoding=\"async\" class=\"alignright\" style=\"float: right;\" src=\"http:\/\/www.ivrea2008.it\/wp-content\/myfotos\/classica2505\/IMG_0593.jpg\" alt=\"\" width=\"286\" height=\"189\" \/>Dal 3 all&#8217;8 giugno 2008 Ivrea ospita i <a href=\"http:\/\/www.ivrea2008.it\">Mondiali di Canoa discesa<\/a>, massima manifestazione internazionale di specialit\u00e0 che si svolge ogni due anni in prova unica . Ivrea costituisce, per la sua collocazione geografica, un sito di gara unico al mondo; \u00e8 infatti dotata di un tracciato fluviale naturale che attraversa il centro storico.<\/p>\n<p>Il primo atto  dei Campionati sar\u00e0 la Cerimonia di Apertura marted\u00ec 3 giugno in P.zza Ottinetti alle ore 21.00; dal 4 giugno sino alla Cerimonia di premiazione e chiusura, che si terr\u00e0 l&#8217;8 giugno alle 19.00 in P.zza Ottinetti. Le gare saranno affiancate da eventi di cultura e spettacolo.<\/p>\n<p><a href=\"http:\/\/www.ivrea2008.it\/?page_id=6\">Il programma dei mondiali<\/a><\/p>\n","protected":false},"excerpt":{"rendered":"<p>Dal 3 all&#8217;8 giugno 2008 Ivrea ospita i Mondiali di Canoa discesa, massima manifestazione internazionale di specialit\u00e0 che si svolge ogni due anni in prova unica . Ivrea costituisce, per la sua collocazione geografica, un sito di gara unico al mondo; \u00e8 infatti dotata di un tracciato fluviale naturale che attraversa il centro storico. Il &#8230; <a title=\"La canoa mondiale conquista Ivrea\" class=\"read-more\" href=\"https:\/\/www.pasteris.it\/blog\/2008\/06\/02\/la-canoa-mondiale-conquista-ivrea\/\" aria-label=\"Per saperne di pi\u00f9 su La canoa mondiale conquista Ivrea\">Leggi tutto<\/a><\/p>\n","protected":false},"author":4,"featured_media":0,"comment_status":"open","ping_status":"open","sticky":false,"template":"","format":"standard","meta":{"footnotes":""},"categories":[],"tags":[415,534,189,437,233,2169],"class_list":["post-3739","post","type-post","status-publish","format-standard","hentry","tag-arte","tag-cultura","tag-ivrea","tag-mondiale","tag-mondiali","tag-mondo"],"_links":{"self":[{"href":"https:\/\/www.pasteris.it\/blog\/wp-json\/wp\/v2\/posts\/3739","targetHints":{"allow":["GET"]}}],"collection":[{"href":"https:\/\/www.pasteris.it\/blog\/wp-json\/wp\/v2\/posts"}],"about":[{"href":"https:\/\/www.pasteris.it\/blog\/wp-json\/wp\/v2\/types\/post"}],"author":[{"embeddable":true,"href":"https:\/\/www.pasteris.it\/blog\/wp-json\/wp\/v2\/users\/4"}],"replies":[{"embeddable":true,"href":"https:\/\/www.pasteris.it\/blog\/wp-json\/wp\/v2\/comments?post=3739"}],"version-history":[{"count":0,"href":"https:\/\/www.pasteris.it\/blog\/wp-json\/wp\/v2\/posts\/3739\/revisions"}],"wp:attachment":[{"href":"https:\/\/www.pasteris.it\/blog\/wp-json\/wp\/v2\/media?parent=3739"}],"wp:term":[{"taxonomy":"category","embeddable":true,"href":"https:\/\/www.pasteris.it\/blog\/wp-json\/wp\/v2\/categories?post=3739"},{"taxonomy":"post_tag","embeddable":true,"href":"https:\/\/www.pasteris.it\/blog\/wp-json\/wp\/v2\/tags?post=3739"}],"curies":[{"name":"wp","href":"https:\/\/api.w.org\/{rel}","templated":true}]}}