{"id":3786,"date":"2008-06-09T22:30:43","date_gmt":"2008-06-09T21:30:43","guid":{"rendered":"http:\/\/www.pasteris.it\/blog\/?p=3786"},"modified":"2008-12-19T08:04:16","modified_gmt":"2008-12-19T07:04:16","slug":"due-caporedattori-un-redattore-quattordici-qualcosa","status":"publish","type":"post","link":"https:\/\/www.pasteris.it\/blog\/2008\/06\/09\/due-caporedattori-un-redattore-quattordici-qualcosa\/","title":{"rendered":"Sedici qualcosa a tavola, improvvisamente spariti"},"content":{"rendered":"<p>Tutto \u00e8 nato da un articolo<a href=\"http:\/\/www.ilbarbieredellasera.com\/article.php?sid=16846\"> del Barbiere della Sera<\/a><\/p>\n<blockquote><p><span class=\"art\">&#8220;Nell\u2019ambito degli incontri in corso tra cdr, direttore e Amministrazione sull\u2019assetto dell\u2019informazione on line de La Stampa, il direttore ci ha comunicato oggi la decisione di affidare al capo redattore centrale Dario Corradino l\u2019organizzazione del sito Internet. Corradino, che prender\u00e0 servizio a met\u00e0 giugno, avr\u00e0 in particolare il compito di studiare la struttura del settore e indicare entro tempi brevi le risorse da destinare al progetto.<\/span><\/p><\/blockquote>\n<p><!--more--><\/p>\n<blockquote><p>Il capo redattore Anna Masera mantiene il suo attuale incarico. Entro la met\u00e0 del prossimo mese il direttore comunicher\u00e0 il nome del collega che sostituir\u00e0 Corradino all\u2019Urc. Il cdr ha espresso apprezzamento per la scelta di dare al sito Internet una struttura organica, avviando quel processo di stabilizzazione pi\u00f9 volte auspicato dal comitato di redazione&#8221;. Cos\u00ec il comunicato del cdr de La Stampa di Torino. Che segnala, finalmente, almeno un tentativo di mettere ordine nel sito internet.<\/p>\n<p>Per\u00f2 non sar\u00e0 un compito facile. La redazione internet, allo stato delle cose, ha un ben curioso organigramma perch\u00e9 \u00e8 composta a questo punto di due caporedattori, Corradino e Masera, un redattore ordinario pi\u00f9 14 colleghi che lavorano a tutti gli effetti al sito e risultano anche come parte della sua redazione (vedi <a href=\"http:\/\/www.lastampa.it\/common\/_info\/credits.asp\">http:\/\/www.lastampa.it\/common\/_info\/credits.asp<\/a>) ma non risultano come giornalisti.<br \/>\nMa che forse avranno qualche cosa da dire sul nuovo ordine, dopo essere stati impiegati a lungo con contratti a termine o ingaggi variopinti, dal settore degli spettacoli a quello metalmeccanic<\/p><\/blockquote>\n<p>L&#8217;articolo descriveva correttamente la situazione in corso d&#8217;opera alla redazione di laStampa.it.<\/p>\n<p>Situazione che prrebbe cercare finalmente una futura e completa regolarizzazione<\/p>\n<p>Ma evidentemente che si parli in campo aperto di certe cose non piace a qualcuno &#8230;.<\/p>\n<p>Guardate che \u00e8 successo sempre <a href=\"http:\/\/www.ilbarbieredellasera.com\/article.php?sid=16859\">raccontato dal Barbiere della Sera<\/a><\/p>\n<blockquote><p><span class=\"art\">Che succede alla redazione on-line de lastampa.it?<br \/>\nPerch\u00e8 qualcuno cancella alcune informazioni sulla situazione della redazione internet del giornale torinese ?<\/span><\/p>\n<p>Nell&#8217;articolo del Barbiere intitolato<a href=\"http:\/\/www.ilbarbieredellasera.com\/article.php?sid=16846\"> &#8220;www.la stampa.it. Sedici a tavola&#8221;<\/a> si descriveva la situazione redazionale del sito e i problemi giuslavoristici e professionali irrisolti.<\/p>\n<p>L&#8217;articoletto riportava il link alla pagina<br \/>\n<a href=\"http:\/\/www.lastampa.it\/common\/_info\/credits.asp\"> http:\/\/www.lastampa.it\/common\/_info\/credits.asp<\/a> che riportava la composizione della redazione del sito nome per nome<\/p>\n<p>LASTAMPA.it<br \/>\nAnna Masera (capo redattore)<br \/>\nFulvio Cerutti (web marketing)<br \/>\nAlberto Abburr\u00e0<br \/>\nGiuseppe Bottero<br \/>\nChiara Calliero<br \/>\nAlice Castagneri<br \/>\nMarta Della Rocca<br \/>\nSalvatore Di Lorenzo<br \/>\nGabriele Martini<br \/>\nSonia Muzzolon<br \/>\nMarina Palumbo<br \/>\nVittorio Pasteris<br \/>\nCarla Reschia<br \/>\nChiara Speziali<br \/>\nMaurizio Ternavasio<br \/>\nAlberto Timossi<br \/>\nLAZAMPA.it &#8211; a cura di Fulvio Cerutti<br \/>\ncon la redazione de LASTAMPA.it<\/p>\n<p>Nelle ore successive all&#8217;articolo del Barbiere qualcuno ha fatto sparire i nomi di tutti i redattori realizzando una pagina decisamente pi\u00f9 asettica.<\/p>\n<p>Ma la cache di Google fa dei miracoli e potete ritrovarli in breve tempo.<br \/>\n<a href=\"http:\/\/64.233.183.104\/search?q=cache:P3DHKJxl0OwJ:www.lastampa.it\/common\/_info\/credits.asp+www.lastampa.it\/common\/_info\/credits.asp&amp;\"> http:\/\/64.233.183.104\/search?q=cache:P3DHKJxl0OwJ:www.lastampa.it\/common\/_info\/credits.asp+www.lastampa.it\/common\/_info\/credits.asp&amp;<\/a><br \/>\nse volete salvarli e metterli da parte per capire come stanno le cose.<\/p><\/blockquote>\n<p>Ora anche la cache \u00e8 stata riscritta da Google, ma resta la gravit\u00e0 di un gesto che tenta di insabbiare delle prove prima di iniziare un dialogo. Buono a sapersi &#8230;<\/p>\n<p>UPDATE:<br \/>\n<a href=\"http:\/\/picasaweb.google.com\/dentrolastampa\/Screenshot\">Qui <\/a>trovate gli scrrenshot della pagina prima e dopo<\/p>\n<p><a href=\"http:\/\/web.archive.org\/web\/20070823071530\/http:\/\/www.lastampa.it\/common\/_info\/credits.asp\">Qui <\/a>invece le pagine in Archive.org<\/p>\n","protected":false},"excerpt":{"rendered":"<p>Tutto \u00e8 nato da un articolo del Barbiere della Sera &#8220;Nell\u2019ambito degli incontri in corso tra cdr, direttore e Amministrazione sull\u2019assetto dell\u2019informazione on line de La Stampa, il direttore ci ha comunicato oggi la decisione di affidare al capo redattore centrale Dario Corradino l\u2019organizzazione del sito Internet. Corradino, che prender\u00e0 servizio a met\u00e0 giugno, avr\u00e0 &#8230; <a title=\"Sedici qualcosa a tavola, improvvisamente spariti\" class=\"read-more\" href=\"https:\/\/www.pasteris.it\/blog\/2008\/06\/09\/due-caporedattori-un-redattore-quattordici-qualcosa\/\" aria-label=\"Per saperne di pi\u00f9 su Sedici qualcosa a tavola, improvvisamente spariti\">Leggi tutto<\/a><\/p>\n","protected":false},"author":4,"featured_media":0,"comment_status":"open","ping_status":"open","sticky":false,"template":"","format":"standard","meta":{"footnotes":""},"categories":[30,14],"tags":[475,161,193,474,2160],"class_list":["post-3786","post","type-post","status-publish","format-standard","hentry","category-media","category-torino","tag-corradino","tag-giornalisti","tag-lastampa","tag-masera","tag-torino"],"_links":{"self":[{"href":"https:\/\/www.pasteris.it\/blog\/wp-json\/wp\/v2\/posts\/3786","targetHints":{"allow":["GET"]}}],"collection":[{"href":"https:\/\/www.pasteris.it\/blog\/wp-json\/wp\/v2\/posts"}],"about":[{"href":"https:\/\/www.pasteris.it\/blog\/wp-json\/wp\/v2\/types\/post"}],"author":[{"embeddable":true,"href":"https:\/\/www.pasteris.it\/blog\/wp-json\/wp\/v2\/users\/4"}],"replies":[{"embeddable":true,"href":"https:\/\/www.pasteris.it\/blog\/wp-json\/wp\/v2\/comments?post=3786"}],"version-history":[{"count":1,"href":"https:\/\/www.pasteris.it\/blog\/wp-json\/wp\/v2\/posts\/3786\/revisions"}],"predecessor-version":[{"id":7275,"href":"https:\/\/www.pasteris.it\/blog\/wp-json\/wp\/v2\/posts\/3786\/revisions\/7275"}],"wp:attachment":[{"href":"https:\/\/www.pasteris.it\/blog\/wp-json\/wp\/v2\/media?parent=3786"}],"wp:term":[{"taxonomy":"category","embeddable":true,"href":"https:\/\/www.pasteris.it\/blog\/wp-json\/wp\/v2\/categories?post=3786"},{"taxonomy":"post_tag","embeddable":true,"href":"https:\/\/www.pasteris.it\/blog\/wp-json\/wp\/v2\/tags?post=3786"}],"curies":[{"name":"wp","href":"https:\/\/api.w.org\/{rel}","templated":true}]}}