{"id":3806,"date":"2008-06-09T15:44:32","date_gmt":"2008-06-09T13:44:32","guid":{"rendered":"http:\/\/www.pasteris.it\/blog\/?p=3806"},"modified":"2008-06-09T09:11:18","modified_gmt":"2008-06-09T07:11:18","slug":"il-quotidiano-dellassurdo","status":"publish","type":"post","link":"https:\/\/www.pasteris.it\/blog\/2008\/06\/09\/il-quotidiano-dellassurdo\/","title":{"rendered":"Il quotidiano dell&#8217;assurdo"},"content":{"rendered":"<p>Caccia all\u2019Assurdo Quotidiano: Quotidiani, periodici, pubblicazioni locali, news-network: fiumi di parole assurde ci raccontano la realt\u00e0 di tutti i giorni. <a href=\"http:\/\/www.assurdoquotidiano.net\/\">AssurdoQuotidiano.net <\/a>\u00e8 nato il 13 aprile 2008.<\/p>\n<p><img loading=\"lazy\" decoding=\"async\" src=\"http:\/\/www.assurdoquotidiano.net\/wp-content\/uploads\/2008\/05\/testicoli-500x375.jpg\" alt=\"\" width=\"500\" height=\"375\" \/><\/p>\n<p>Per suggerire assurdit\u00e0: <a href=\"http:\/\/mce_host\/wp-admin\/mail@assurdoquotidiano.net\">info@assurdoquotidiano.net<\/a> .<\/p>\n","protected":false},"excerpt":{"rendered":"<p>Caccia all\u2019Assurdo Quotidiano: Quotidiani, periodici, pubblicazioni locali, news-network: fiumi di parole assurde ci raccontano la realt\u00e0 di tutti i giorni. AssurdoQuotidiano.net \u00e8 nato il 13 aprile 2008. Per suggerire assurdit\u00e0: info@assurdoquotidiano.net .<\/p>\n","protected":false},"author":4,"featured_media":0,"comment_status":"open","ping_status":"open","sticky":false,"template":"","format":"standard","meta":{"footnotes":""},"categories":[],"tags":[],"class_list":["post-3806","post","type-post","status-publish","format-standard","hentry"],"_links":{"self":[{"href":"https:\/\/www.pasteris.it\/blog\/wp-json\/wp\/v2\/posts\/3806","targetHints":{"allow":["GET"]}}],"collection":[{"href":"https:\/\/www.pasteris.it\/blog\/wp-json\/wp\/v2\/posts"}],"about":[{"href":"https:\/\/www.pasteris.it\/blog\/wp-json\/wp\/v2\/types\/post"}],"author":[{"embeddable":true,"href":"https:\/\/www.pasteris.it\/blog\/wp-json\/wp\/v2\/users\/4"}],"replies":[{"embeddable":true,"href":"https:\/\/www.pasteris.it\/blog\/wp-json\/wp\/v2\/comments?post=3806"}],"version-history":[{"count":0,"href":"https:\/\/www.pasteris.it\/blog\/wp-json\/wp\/v2\/posts\/3806\/revisions"}],"wp:attachment":[{"href":"https:\/\/www.pasteris.it\/blog\/wp-json\/wp\/v2\/media?parent=3806"}],"wp:term":[{"taxonomy":"category","embeddable":true,"href":"https:\/\/www.pasteris.it\/blog\/wp-json\/wp\/v2\/categories?post=3806"},{"taxonomy":"post_tag","embeddable":true,"href":"https:\/\/www.pasteris.it\/blog\/wp-json\/wp\/v2\/tags?post=3806"}],"curies":[{"name":"wp","href":"https:\/\/api.w.org\/{rel}","templated":true}]}}