{"id":3857,"date":"2008-06-16T15:08:10","date_gmt":"2008-06-16T13:08:10","guid":{"rendered":"http:\/\/www.pasteris.it\/blog\/?p=3857"},"modified":"2008-06-16T15:08:10","modified_gmt":"2008-06-16T13:08:10","slug":"altrimenti-ci-arrabbiamo","status":"publish","type":"post","link":"https:\/\/www.pasteris.it\/blog\/2008\/06\/16\/altrimenti-ci-arrabbiamo\/","title":{"rendered":"Altrimenti ci arrabbiamo"},"content":{"rendered":"<p>Walter Veltroni: <em>In questi giorni si decide il futuro di questa legislatura: se il comportamento rimane come quello delle ultime settimane il clima non potr\u00e0 che cambiareSi sono perse le elezioni, ma non per questo c&#8217;\u00e8 la questione dell&#8217;identit\u00e0 del Pd. La nostra identit\u00e0 \u00e8 quella di una grande forza riformista.<\/em><\/p>\n<p>Meno male Veltroni si \u00e8 &#8220;finalmente&#8221; accorto che Silvio Berlusconi &#8230; continua nella sua strategia<\/p>\n","protected":false},"excerpt":{"rendered":"<p>Walter Veltroni: In questi giorni si decide il futuro di questa legislatura: se il comportamento rimane come quello delle ultime settimane il clima non potr\u00e0 che cambiareSi sono perse le elezioni, ma non per questo c&#8217;\u00e8 la questione dell&#8217;identit\u00e0 del Pd. La nostra identit\u00e0 \u00e8 quella di una grande forza riformista. Meno male Veltroni si &#8230; <a title=\"Altrimenti ci arrabbiamo\" class=\"read-more\" href=\"https:\/\/www.pasteris.it\/blog\/2008\/06\/16\/altrimenti-ci-arrabbiamo\/\" aria-label=\"Per saperne di pi\u00f9 su Altrimenti ci arrabbiamo\">Leggi tutto<\/a><\/p>\n","protected":false},"author":4,"featured_media":0,"comment_status":"open","ping_status":"open","sticky":false,"template":"","format":"standard","meta":{"footnotes":""},"categories":[],"tags":[69,453],"class_list":["post-3857","post","type-post","status-publish","format-standard","hentry","tag-berlusconi","tag-futuro"],"_links":{"self":[{"href":"https:\/\/www.pasteris.it\/blog\/wp-json\/wp\/v2\/posts\/3857","targetHints":{"allow":["GET"]}}],"collection":[{"href":"https:\/\/www.pasteris.it\/blog\/wp-json\/wp\/v2\/posts"}],"about":[{"href":"https:\/\/www.pasteris.it\/blog\/wp-json\/wp\/v2\/types\/post"}],"author":[{"embeddable":true,"href":"https:\/\/www.pasteris.it\/blog\/wp-json\/wp\/v2\/users\/4"}],"replies":[{"embeddable":true,"href":"https:\/\/www.pasteris.it\/blog\/wp-json\/wp\/v2\/comments?post=3857"}],"version-history":[{"count":0,"href":"https:\/\/www.pasteris.it\/blog\/wp-json\/wp\/v2\/posts\/3857\/revisions"}],"wp:attachment":[{"href":"https:\/\/www.pasteris.it\/blog\/wp-json\/wp\/v2\/media?parent=3857"}],"wp:term":[{"taxonomy":"category","embeddable":true,"href":"https:\/\/www.pasteris.it\/blog\/wp-json\/wp\/v2\/categories?post=3857"},{"taxonomy":"post_tag","embeddable":true,"href":"https:\/\/www.pasteris.it\/blog\/wp-json\/wp\/v2\/tags?post=3857"}],"curies":[{"name":"wp","href":"https:\/\/api.w.org\/{rel}","templated":true}]}}