{"id":3873,"date":"2008-06-18T12:23:03","date_gmt":"2008-06-18T10:23:03","guid":{"rendered":"http:\/\/www.pasteris.it\/blog\/?p=3873"},"modified":"2008-06-18T14:52:39","modified_gmt":"2008-06-18T12:52:39","slug":"stampa-clandestina","status":"publish","type":"post","link":"https:\/\/www.pasteris.it\/blog\/2008\/06\/18\/stampa-clandestina\/","title":{"rendered":"Stampa clandestina"},"content":{"rendered":"<p>Via <a href=\"http:\/\/www.sicily-news.com\/news.cfm?id=3023\">Sicily News<\/a><\/p>\n<blockquote><p><img loading=\"lazy\" decoding=\"async\" class=\"alignright\" style=\"float: right;\" src=\"http:\/\/www1.siciliano.it\/fotonews\/3023\/bavaglio.jpg\" alt=\"\" width=\"250\" height=\"157\" \/>Un blogger italiano \u00e8 il primo ad essere condannato perch\u00e9 considerato alla stregua di stampa clandestina, perch\u00e9 pubblicato in barba alle normative sull&#8217;informazione, sanzionato in particolare perch\u00e9 la sua periodicit\u00e0 non \u00e8 regolare. Lo storico Carlo Ruta, che cura quel <a href=\"http:\/\/www.accadeinsicilia.net\/\">blog apprezzato da molti<\/a>, ha subito per questa ragione una condanna pecuniaria presso il Tribunale di Modica, lui che il suo blog AccadeinSicilia lo aveva gi\u00e0 visto finire sull&#8217;orlo dell&#8217;oscuramento.<br \/>\n&#8230;<br \/>\nSe per comprendere appieno la portata della Sentenza \u00e8 necessario attender\u00e0 la sua pubblicazione, c&#8217;\u00e8 chi non intende aspettare. L&#8217;idea che un blogger possa o debba rispettare formule di pubblicazione che appartengono alla legge sulla stampa, ossia ad una normativa datata, aggiornata per accogliere le pubblicazioni registrate in Tribunale e quelle che aspirano a sovvenzioni pubbliche, appare cos\u00ec paradossale che c&#8217;\u00e8 chi si chiede se le ragioni di una condanna di questo genere siano esclusivamente di tipo tecnico.<\/p>\n<p>\u00c8 lo stesso Ruta a suggerire altre strade. &#8220;Nel mio blog &#8211; ha affermato &#8211; io ho fatto ampie ricostruzioni, con una documentazione dettagliata e in parte inedita sul caso di Giovanni Spampinato, il giornalista, colaboratore dei quotidiani l&#8217;Ora e l&#8217;Unit\u00e0 che nel 1972, a soli 22 anni, fu ucciso a Ragusa mentre stava portando alla luce, in un&#8217;inchiesta su un delitto, un rilevante intreccio di affari e malavita&#8230;&#8221;. &#8220;Solo in Cina e a Cuba questo \u00e8 avvenuto &#8211; ha anche dichiarato Ruta &#8211; ed \u00e8 per questo che ci attiveremo tra conferenze stampa ed altre azioni affinch\u00e9 tutti vengano a conoscenza di questa violazione della libert\u00e0 di espressione. Perch\u00e9 questo rappresenterebbe un precedente molto grave&#8221;.<\/p><\/blockquote>\n","protected":false},"excerpt":{"rendered":"<p>Via Sicily News Un blogger italiano \u00e8 il primo ad essere condannato perch\u00e9 considerato alla stregua di stampa clandestina, perch\u00e9 pubblicato in barba alle normative sull&#8217;informazione, sanzionato in particolare perch\u00e9 la sua periodicit\u00e0 non \u00e8 regolare. Lo storico Carlo Ruta, che cura quel blog apprezzato da molti, ha subito per questa ragione una condanna pecuniaria &#8230; <a title=\"Stampa clandestina\" class=\"read-more\" href=\"https:\/\/www.pasteris.it\/blog\/2008\/06\/18\/stampa-clandestina\/\" aria-label=\"Per saperne di pi\u00f9 su Stampa clandestina\">Leggi tutto<\/a><\/p>\n","protected":false},"author":4,"featured_media":0,"comment_status":"open","ping_status":"open","sticky":false,"template":"","format":"standard","meta":{"footnotes":""},"categories":[],"tags":[415,2157,77,159,176,61,551,548,36,382],"class_list":["post-3873","post","type-post","status-publish","format-standard","hentry","tag-arte","tag-blog","tag-blogger","tag-giornali","tag-informazione","tag-italia","tag-legge","tag-liberta","tag-tag","tag-tav"],"_links":{"self":[{"href":"https:\/\/www.pasteris.it\/blog\/wp-json\/wp\/v2\/posts\/3873","targetHints":{"allow":["GET"]}}],"collection":[{"href":"https:\/\/www.pasteris.it\/blog\/wp-json\/wp\/v2\/posts"}],"about":[{"href":"https:\/\/www.pasteris.it\/blog\/wp-json\/wp\/v2\/types\/post"}],"author":[{"embeddable":true,"href":"https:\/\/www.pasteris.it\/blog\/wp-json\/wp\/v2\/users\/4"}],"replies":[{"embeddable":true,"href":"https:\/\/www.pasteris.it\/blog\/wp-json\/wp\/v2\/comments?post=3873"}],"version-history":[{"count":0,"href":"https:\/\/www.pasteris.it\/blog\/wp-json\/wp\/v2\/posts\/3873\/revisions"}],"wp:attachment":[{"href":"https:\/\/www.pasteris.it\/blog\/wp-json\/wp\/v2\/media?parent=3873"}],"wp:term":[{"taxonomy":"category","embeddable":true,"href":"https:\/\/www.pasteris.it\/blog\/wp-json\/wp\/v2\/categories?post=3873"},{"taxonomy":"post_tag","embeddable":true,"href":"https:\/\/www.pasteris.it\/blog\/wp-json\/wp\/v2\/tags?post=3873"}],"curies":[{"name":"wp","href":"https:\/\/api.w.org\/{rel}","templated":true}]}}