{"id":3892,"date":"2008-06-18T16:49:50","date_gmt":"2008-06-18T14:49:50","guid":{"rendered":"http:\/\/www.pasteris.it\/blog\/?p=3892"},"modified":"2008-06-20T16:58:20","modified_gmt":"2008-06-20T14:58:20","slug":"perdenti-e-pessimi","status":"publish","type":"post","link":"https:\/\/www.pasteris.it\/blog\/2008\/06\/18\/perdenti-e-pessimi\/","title":{"rendered":"Perdenti e pessimi"},"content":{"rendered":"<p><a href=\"http:\/\/www.wittgenstein.it\/post\/20080617_72304.html\">Via Wittgestein<\/a><\/p>\n<p>Mettetevelo in testa: le elezioni le abbiamo perse, e le ha vinte un centrodestra pessimo e guidato da uno come Berlusconi. Se volevate un paese fatto a misura della sinistra, lo educavate meglio e vincevate le elezioni. Adesso sembriamo i tifosi della nazionale che protestano se l&#8217;Olanda fa il biscotto. Le abbiamo perse, e ora cerchiamo di stabilire delle priorit\u00e0: tra le mie &#8211; e quella di molti altri- la processabilit\u00e0 del primo ministro non \u00e8 la prima<\/p>\n","protected":false},"excerpt":{"rendered":"<p>Via Wittgestein Mettetevelo in testa: le elezioni le abbiamo perse, e le ha vinte un centrodestra pessimo e guidato da uno come Berlusconi. Se volevate un paese fatto a misura della sinistra, lo educavate meglio e vincevate le elezioni. Adesso sembriamo i tifosi della nazionale che protestano se l&#8217;Olanda fa il biscotto. Le abbiamo perse, &#8230; <a title=\"Perdenti e pessimi\" class=\"read-more\" href=\"https:\/\/www.pasteris.it\/blog\/2008\/06\/18\/perdenti-e-pessimi\/\" aria-label=\"Per saperne di pi\u00f9 su Perdenti e pessimi\">Leggi tutto<\/a><\/p>\n","protected":false},"author":4,"featured_media":0,"comment_status":"open","ping_status":"open","sticky":false,"template":"","format":"standard","meta":{"footnotes":""},"categories":[],"tags":[69,309],"class_list":["post-3892","post","type-post","status-publish","format-standard","hentry","tag-berlusconi","tag-sinistra"],"_links":{"self":[{"href":"https:\/\/www.pasteris.it\/blog\/wp-json\/wp\/v2\/posts\/3892","targetHints":{"allow":["GET"]}}],"collection":[{"href":"https:\/\/www.pasteris.it\/blog\/wp-json\/wp\/v2\/posts"}],"about":[{"href":"https:\/\/www.pasteris.it\/blog\/wp-json\/wp\/v2\/types\/post"}],"author":[{"embeddable":true,"href":"https:\/\/www.pasteris.it\/blog\/wp-json\/wp\/v2\/users\/4"}],"replies":[{"embeddable":true,"href":"https:\/\/www.pasteris.it\/blog\/wp-json\/wp\/v2\/comments?post=3892"}],"version-history":[{"count":0,"href":"https:\/\/www.pasteris.it\/blog\/wp-json\/wp\/v2\/posts\/3892\/revisions"}],"wp:attachment":[{"href":"https:\/\/www.pasteris.it\/blog\/wp-json\/wp\/v2\/media?parent=3892"}],"wp:term":[{"taxonomy":"category","embeddable":true,"href":"https:\/\/www.pasteris.it\/blog\/wp-json\/wp\/v2\/categories?post=3892"},{"taxonomy":"post_tag","embeddable":true,"href":"https:\/\/www.pasteris.it\/blog\/wp-json\/wp\/v2\/tags?post=3892"}],"curies":[{"name":"wp","href":"https:\/\/api.w.org\/{rel}","templated":true}]}}