{"id":3951,"date":"2008-07-02T11:19:25","date_gmt":"2008-07-02T10:19:25","guid":{"rendered":"http:\/\/www.pasteris.it\/blog\/?p=3951"},"modified":"2008-12-19T08:05:04","modified_gmt":"2008-12-19T07:05:04","slug":"qualcosa-si-muove-lastampa","status":"publish","type":"post","link":"https:\/\/www.pasteris.it\/blog\/2008\/07\/02\/qualcosa-si-muove-lastampa\/","title":{"rendered":"Qualcosa si muove"},"content":{"rendered":"<p>Il <a href=\"http:\/\/www.ilbarbieredellasera.com\/article.php?sid=16889\">Barbiere della Sera<\/a> si occupa ancora di La Stampa<span class=\"art\"><\/span><\/p>\n<blockquote><p><span class=\"art\"><br \/>\nA preoccupare di pi\u00f9 \u00e8 per\u00f2 al momento la sanzione comminata dall&#8217;Inpgi all&#8217;azienda, dopo un&#8217;ispezione durata due anni: 2,9 milioni di euro.\u00a0\u00a0 Si tratta di multe relative all&#8217;aggiornamento prefessionale (che, secondo l&#8217;Inpgi, \u00e8 stato utilizzato in modo irregolare praticamente da tutti i colleghi) e di sanzioni inerenti alla contrattualizzazione di una dozzina di collaboratori, il cui inquadramento dovrebbe essere &#8211; sempre secondo l&#8217;Inpgi &#8211; diverso da quello attuale.<br \/>\n&#8230;<br \/>\nQuanto alla situazione al Web, dopo la denuncia da parte del Cdr di situazioni particolarmente anomale, amministrazione e direzione si attendono molto dall&#8217;impegno di Dario Corradino che, da luned\u00ec, inizier\u00e0 a lavorare in quel settore. In un lasso di tempo ragionevolmente breve, poche settimane, dovrebbero essere individuate le prime mosse da fare. Non appena sar\u00e0 meglio definita la situazione del Web e verranno comunicate le nuove assunzioni, il Cdr convocher\u00e0 un&#8217;assemblea per discutere tutti gli argomenti sul tappeto.<\/span><\/p><\/blockquote>\n","protected":false},"excerpt":{"rendered":"<p>Il Barbiere della Sera si occupa ancora di La Stampa A preoccupare di pi\u00f9 \u00e8 per\u00f2 al momento la sanzione comminata dall&#8217;Inpgi all&#8217;azienda, dopo un&#8217;ispezione durata due anni: 2,9 milioni di euro.\u00a0\u00a0 Si tratta di multe relative all&#8217;aggiornamento prefessionale (che, secondo l&#8217;Inpgi, \u00e8 stato utilizzato in modo irregolare praticamente da tutti i colleghi) e di &#8230; <a title=\"Qualcosa si muove\" class=\"read-more\" href=\"https:\/\/www.pasteris.it\/blog\/2008\/07\/02\/qualcosa-si-muove-lastampa\/\" aria-label=\"Per saperne di pi\u00f9 su Qualcosa si muove\">Leggi tutto<\/a><\/p>\n","protected":false},"author":4,"featured_media":0,"comment_status":"open","ping_status":"open","sticky":false,"template":"","format":"standard","meta":{"footnotes":""},"categories":[11,30,14],"tags":[475,159,193,474,2160],"class_list":["post-3951","post","type-post","status-publish","format-standard","hentry","category-diritti","category-media","category-torino","tag-corradino","tag-giornali","tag-lastampa","tag-masera","tag-torino"],"_links":{"self":[{"href":"https:\/\/www.pasteris.it\/blog\/wp-json\/wp\/v2\/posts\/3951","targetHints":{"allow":["GET"]}}],"collection":[{"href":"https:\/\/www.pasteris.it\/blog\/wp-json\/wp\/v2\/posts"}],"about":[{"href":"https:\/\/www.pasteris.it\/blog\/wp-json\/wp\/v2\/types\/post"}],"author":[{"embeddable":true,"href":"https:\/\/www.pasteris.it\/blog\/wp-json\/wp\/v2\/users\/4"}],"replies":[{"embeddable":true,"href":"https:\/\/www.pasteris.it\/blog\/wp-json\/wp\/v2\/comments?post=3951"}],"version-history":[{"count":1,"href":"https:\/\/www.pasteris.it\/blog\/wp-json\/wp\/v2\/posts\/3951\/revisions"}],"predecessor-version":[{"id":7277,"href":"https:\/\/www.pasteris.it\/blog\/wp-json\/wp\/v2\/posts\/3951\/revisions\/7277"}],"wp:attachment":[{"href":"https:\/\/www.pasteris.it\/blog\/wp-json\/wp\/v2\/media?parent=3951"}],"wp:term":[{"taxonomy":"category","embeddable":true,"href":"https:\/\/www.pasteris.it\/blog\/wp-json\/wp\/v2\/categories?post=3951"},{"taxonomy":"post_tag","embeddable":true,"href":"https:\/\/www.pasteris.it\/blog\/wp-json\/wp\/v2\/tags?post=3951"}],"curies":[{"name":"wp","href":"https:\/\/api.w.org\/{rel}","templated":true}]}}