{"id":3960,"date":"2008-07-03T15:44:27","date_gmt":"2008-07-03T13:44:27","guid":{"rendered":"http:\/\/www.pasteris.it\/blog\/?p=3960"},"modified":"2008-07-03T16:47:42","modified_gmt":"2008-07-03T14:47:42","slug":"a-reti-unificate-2","status":"publish","type":"post","link":"https:\/\/www.pasteris.it\/blog\/2008\/07\/03\/a-reti-unificate-2\/","title":{"rendered":"A Reti unificate"},"content":{"rendered":"<p>Via <a href=\"http:\/\/www.repubblica.it\/2008\/06\/sezioni\/politica\/berlusconi-intercetta-1\/pre-matrix\/pre-matrix.html\">Repubblica<\/a><\/p>\n<blockquote><p><img loading=\"lazy\" decoding=\"async\" class=\"alignright\" style=\"float: right;\" src=\"http:\/\/static.blogo.it\/tvblog\/berlusconimatrix1.jpg\" alt=\"\" width=\"220\" height=\"218\" \/>Infastidito dalle voci e dal chiacchiericcio su intercettazioni private a rischio pubblicazione, Silvio Berlusconi starebbe valutando la possibilit\u00e0 di una sorta di outing, o qualcosa che gli somigli. Se davvero il premier andr\u00e0 stasera in diretta tv &#8211; perch\u00e9 la puntata di <em>Matrix <\/em> ha iniziato a vacillare &#8211; lo far\u00e0 non solo e non tanto per scagliare l&#8217;ennesimo attacco alla magistratura, ma anche per &#8220;spiegare agli italiani&#8221; quelle intercettazioni &#8220;penalmente irrilevanti&#8221; che stanno sulla bocca di tutti. La strategia l&#8217;ha messa a punto per tutto il pomeriggio col suo staff a Palazzo Chigi. Dossier sui temi roventi di giustizia e ddl intercettazioni, sull&#8217;acerrimo nemico Di Pietro, certo, un incontro col ministro Tremonti per rinfrescare la manovra economia, anche.<\/p>\n<p>Ma ai suoi il premier ha spiegato che intende anche raccontare cosa ci sarebbe in quelle telefonate finite &#8220;indebitamente&#8221; in un&#8217;inchiesta giudiziaria. Un modo per disinnescare la mina. Pronto a spiegare che, &#8220;come tutti gli italiani, al telefono posso aver fatto delle battute, delle ironie che nemmeno ricordo, magari anche con riferimento alle donne del mio partito, che considero mie creature comunque stimatissime&#8221;.<\/p><\/blockquote>\n<p>UPDATE: Berlusconi ha rinunciato a MAtrix<\/p>\n","protected":false},"excerpt":{"rendered":"<p>Via Repubblica Infastidito dalle voci e dal chiacchiericcio su intercettazioni private a rischio pubblicazione, Silvio Berlusconi starebbe valutando la possibilit\u00e0 di una sorta di outing, o qualcosa che gli somigli. Se davvero il premier andr\u00e0 stasera in diretta tv &#8211; perch\u00e9 la puntata di Matrix ha iniziato a vacillare &#8211; lo far\u00e0 non solo e &#8230; <a title=\"A Reti unificate\" class=\"read-more\" href=\"https:\/\/www.pasteris.it\/blog\/2008\/07\/03\/a-reti-unificate-2\/\" aria-label=\"Per saperne di pi\u00f9 su A Reti unificate\">Leggi tutto<\/a><\/p>\n","protected":false},"author":4,"featured_media":0,"comment_status":"open","ping_status":"open","sticky":false,"template":"","format":"standard","meta":{"footnotes":""},"categories":[],"tags":[69,2157,488,181,61,2154,284,331],"class_list":["post-3960","post","type-post","status-publish","format-standard","hentry","tag-berlusconi","tag-blog","tag-donne","tag-intercettazioni","tag-italia","tag-politica","tag-repubblica","tag-telefono"],"_links":{"self":[{"href":"https:\/\/www.pasteris.it\/blog\/wp-json\/wp\/v2\/posts\/3960","targetHints":{"allow":["GET"]}}],"collection":[{"href":"https:\/\/www.pasteris.it\/blog\/wp-json\/wp\/v2\/posts"}],"about":[{"href":"https:\/\/www.pasteris.it\/blog\/wp-json\/wp\/v2\/types\/post"}],"author":[{"embeddable":true,"href":"https:\/\/www.pasteris.it\/blog\/wp-json\/wp\/v2\/users\/4"}],"replies":[{"embeddable":true,"href":"https:\/\/www.pasteris.it\/blog\/wp-json\/wp\/v2\/comments?post=3960"}],"version-history":[{"count":0,"href":"https:\/\/www.pasteris.it\/blog\/wp-json\/wp\/v2\/posts\/3960\/revisions"}],"wp:attachment":[{"href":"https:\/\/www.pasteris.it\/blog\/wp-json\/wp\/v2\/media?parent=3960"}],"wp:term":[{"taxonomy":"category","embeddable":true,"href":"https:\/\/www.pasteris.it\/blog\/wp-json\/wp\/v2\/categories?post=3960"},{"taxonomy":"post_tag","embeddable":true,"href":"https:\/\/www.pasteris.it\/blog\/wp-json\/wp\/v2\/tags?post=3960"}],"curies":[{"name":"wp","href":"https:\/\/api.w.org\/{rel}","templated":true}]}}