{"id":3990,"date":"2008-07-08T04:20:14","date_gmt":"2008-07-08T02:20:14","guid":{"rendered":"http:\/\/www.pasteris.it\/blog\/?p=3990"},"modified":"2008-07-08T08:35:15","modified_gmt":"2008-07-08T06:35:15","slug":"un-futuro-roseo-basta-ripensare-il-proprio-lavoro","status":"publish","type":"post","link":"https:\/\/www.pasteris.it\/blog\/2008\/07\/08\/un-futuro-roseo-basta-ripensare-il-proprio-lavoro\/","title":{"rendered":"Un futuro roseo, basta ripensare il proprio lavoro"},"content":{"rendered":"<p>Via <a href=\"http:\/\/www.lsdi.it\/2008\/07\/06\/niente-panico-il-futuro-del-giornalismo-continuera-ad-appartenere-ai-giornalisti\/\">LSDI<\/a><\/p>\n<blockquote><p>Sebbene le preoccupazioni di giornalisti ed editori sulla diminuzione dei ricavi pubblicitari siano giustificate, il futuro &#8211; dice Roy Greenslade del <em>Guardian<\/em> &#8211; appartiene ancora ai giornalisti. Greenslade ritiene che i mali economici non siano terminali \u2013 i giornali si possono adattare \u2013 ma l\u2019 era dei mass media, dice, \u201cpotrebbe essere finita\u201d.<\/p>\n<p>Lo segnala un articolo su <a href=\"http:\/\/www.editorsweblog.org\/newspaper\/2008\/07\/greenslade_despite_newspapers_financial.php\">Editor\u2019s  weblog. <\/a><\/p>\n<p>&#8220;Dobbiamo immaginarci un futuro con un nuovo business model basato su ricavi pi\u00f9 bassi, con cui sostenere piccole redazioni di alta qualit\u00e0, che servir\u00e0 probabilmente dei mercati di nicchia\u201d, scrive Greenslade <a href=\"http:\/\/blogs.guardian.co.uk\/greenslade\/2008\/07\/memo_to_journalists_dont_be_de.html\">sul  suo blog<\/a>, citando diversi studi che confermano la difficile situazione finanziaria dei giornali, \u00a0sostenendo per\u00f2 che i giornalisti potranno affrontare queste previsioni con una buona dose di pragmatismo.<\/p>\n<p>&#8220;Dobbiamo ammettere prima di tutto con noi stessi che le cose non andranno pi\u00f9 come sono andate nell\u2019 ultimo millennio\u201d, aggiunge, precisando che ogni cambiamento nelle redazioni consentir\u00e0 di guadagnare tempo per reggere la situazione. E i giornalisti, comunque, non devono lasciarsi prendere dal panico.<\/p>\n<p>&#8220;Il futuro del giornalisno non appartiene alle aziende editoriali in  difficolt\u00e0 \u2013 scrive \u2013 ma appartiene a noi\u201c.<\/p><\/blockquote>\n","protected":false},"excerpt":{"rendered":"<p>Via LSDI Sebbene le preoccupazioni di giornalisti ed editori sulla diminuzione dei ricavi pubblicitari siano giustificate, il futuro &#8211; dice Roy Greenslade del Guardian &#8211; appartiene ancora ai giornalisti. Greenslade ritiene che i mali economici non siano terminali \u2013 i giornali si possono adattare \u2013 ma l\u2019 era dei mass media, dice, \u201cpotrebbe essere finita\u201d. &#8230; <a title=\"Un futuro roseo, basta ripensare il proprio lavoro\" class=\"read-more\" href=\"https:\/\/www.pasteris.it\/blog\/2008\/07\/08\/un-futuro-roseo-basta-ripensare-il-proprio-lavoro\/\" aria-label=\"Per saperne di pi\u00f9 su Un futuro roseo, basta ripensare il proprio lavoro\">Leggi tutto<\/a><\/p>\n","protected":false},"author":4,"featured_media":0,"comment_status":"open","ping_status":"open","sticky":false,"template":"","format":"standard","meta":{"footnotes":""},"categories":[],"tags":[415,2157,121,453,159,160,161,426,2168,276,561,363],"class_list":["post-3990","post","type-post","status-publish","format-standard","hentry","tag-arte","tag-blog","tag-editoria","tag-futuro","tag-giornali","tag-giornalismo","tag-giornalisti","tag-lavoro","tag-media","tag-pubblicita","tag-tempo","tag-web"],"_links":{"self":[{"href":"https:\/\/www.pasteris.it\/blog\/wp-json\/wp\/v2\/posts\/3990","targetHints":{"allow":["GET"]}}],"collection":[{"href":"https:\/\/www.pasteris.it\/blog\/wp-json\/wp\/v2\/posts"}],"about":[{"href":"https:\/\/www.pasteris.it\/blog\/wp-json\/wp\/v2\/types\/post"}],"author":[{"embeddable":true,"href":"https:\/\/www.pasteris.it\/blog\/wp-json\/wp\/v2\/users\/4"}],"replies":[{"embeddable":true,"href":"https:\/\/www.pasteris.it\/blog\/wp-json\/wp\/v2\/comments?post=3990"}],"version-history":[{"count":0,"href":"https:\/\/www.pasteris.it\/blog\/wp-json\/wp\/v2\/posts\/3990\/revisions"}],"wp:attachment":[{"href":"https:\/\/www.pasteris.it\/blog\/wp-json\/wp\/v2\/media?parent=3990"}],"wp:term":[{"taxonomy":"category","embeddable":true,"href":"https:\/\/www.pasteris.it\/blog\/wp-json\/wp\/v2\/categories?post=3990"},{"taxonomy":"post_tag","embeddable":true,"href":"https:\/\/www.pasteris.it\/blog\/wp-json\/wp\/v2\/tags?post=3990"}],"curies":[{"name":"wp","href":"https:\/\/api.w.org\/{rel}","templated":true}]}}